{"id":11592,"date":"2025-10-17T17:12:50","date_gmt":"2025-10-17T20:12:50","guid":{"rendered":"https:\/\/fecomercio-pe.com.br\/site\/?p=11592"},"modified":"2025-10-17T17:12:50","modified_gmt":"2025-10-17T20:12:50","slug":"programacao-do-recnplay-e-palco-para-lancamento-do-portal-do-hub-de-dados-do-comercio-da-fecomercio-pe","status":"publish","type":"post","link":"http:\/\/fecomercio-pe.com.br\/site\/programacao-do-recnplay-e-palco-para-lancamento-do-portal-do-hub-de-dados-do-comercio-da-fecomercio-pe\/","title":{"rendered":"Programa\u00e7\u00e3o do Rec\u2019n\u2019play \u00e9 palco para lan\u00e7amento do Portal do Hub de Dados do Com\u00e9rcio da Fecom\u00e9rcio-PE"},"content":{"rendered":"<p>Durante a programa\u00e7\u00e3o, desta sexta-feira (17), do Rec\u2019n\u2019play, a Federa\u00e7\u00e3o do Com\u00e9rcio de Bens, Servi\u00e7os e Turismo do Estado de Pernambuco (Fecom\u00e9rcio-PE), lan\u00e7ou o Portal do Hub de Dados do Com\u00e9rcio, dentro da programa\u00e7\u00e3o do Rec\u2019n\u2019play, no Instituto de Ci\u00eancia e Tecnologia do Senac (ICT Senac). A plataforma foi desenvolvida por especialistas e estudantes do Sistema Fecom\u00e9rcio-PE com o objetivo ser um facilitador na gest\u00e3o empresarial e a tomada de decis\u00f5es no setor de com\u00e9rcio de bens, servi\u00e7os e turismo.<\/p>\n<p>O Portal do Hub, a partir de agora, re\u00fane em um \u00fanico ambiente digital, pain\u00e9is interativos com s\u00e9ries hist\u00f3ricas, estudos econ\u00f4micos, calculadoras de infla\u00e7\u00e3o e de precifica\u00e7\u00e3o, ferramentas de gest\u00e3o e atendimento a demandas de estudos espec\u00edficas das empresas.<\/p>\n<p>A diretora geral executiva da Fecom\u00e9rcio-PE, Cleide Pimentel, destacou o pioneirismo do portal durante o lan\u00e7amento. \u201cEsse projeto \u00e9 muito importante para Fecom\u00e9rcio-PE. Lan\u00e7ar esse portal \u00e9 um avan\u00e7o para o Sistema, uma solu\u00e7\u00e3o vanguarda no pa\u00eds. Acredito que vamos ser refer\u00eancia para as empresas de todo pa\u00eds. Estamos no caminho de disseminar informa\u00e7\u00e3o e melhorar o ambiente empresarial por meio do portal. Acreditamos que essa pr\u00e1tica vai ser disseminada no\u00a0Brasil\u00a0inteiro\u201d, afirmou.<\/p>\n<p>De acordo com o economista da Fecom\u00e9rcio-PE, Rafael Lima, o Hub de Dados do Com\u00e9rcio amplia as possibilidades de acesso e uso de informa\u00e7\u00f5es pelos empres\u00e1rios. \u201cO portal re\u00fane pesquisas exclusivas, acompanhamentos de indicadores econ\u00f4micos e integra\u00e7\u00f5es com dados de fluxo de caixa da sua empresa. O lan\u00e7amento foi um momento de apresenta\u00e7\u00e3o e demonstra\u00e7\u00e3o de usos para os poss\u00edveis atores. Agora, \u00e9 o momento de ampliar ainda mais as informa\u00e7\u00f5es e escalar o uso para todo Brasil.\u201d, afirmou o economista da Fecom\u00e9rcio-PE, Rafael Lima.<\/p>\n<p><strong>O Hub de Dados do Com\u00e9rcio<\/strong><\/p>\n<p>O Hub de Dados do Com\u00e9rcio \u00e9 uma plataforma de inova\u00e7\u00e3o que busca transformar o acesso a dados em aplica\u00e7\u00e3o de solu\u00e7\u00f5es no setor do com\u00e9rcio de bens, servi\u00e7os e turismo no Estado. A iniciativa da presid\u00eancia da Fecom\u00e9rcio-PE visa, posicionar a Federa\u00e7\u00e3o como uma aliada no desenvolvimento econ\u00f4mico estadual e um catalisador de inova\u00e7\u00e3o para empres\u00e1rios e empreendedores pernambucanos.<\/p>\n","protected":false},"excerpt":{"rendered":"<p>Durante a programa\u00e7\u00e3o, desta sexta-feira (17), do Rec\u2019n\u2019play, a Federa\u00e7\u00e3o do Com\u00e9rcio de Bens, Servi\u00e7os e Turismo do Estado de Pernambuco (Fecom\u00e9rcio-PE), lan\u00e7ou o Portal do Hub de Dados do Com\u00e9rcio, dentro da programa\u00e7\u00e3o do Rec\u2019n\u2019play, no Instituto de Ci\u00eancia e Tecnologia do Senac (ICT Senac). A plataforma foi desenvolvida por especialistas e estudantes do<br \/><a href=\"http:\/\/fecomercio-pe.com.br\/site\/programacao-do-recnplay-e-palco-para-lancamento-do-portal-do-hub-de-dados-do-comercio-da-fecomercio-pe\/\" class=\"more\">Read more<\/a><\/p>\n","protected":false},"author":12,"featured_media":11593,"comment_status":"closed","ping_status":"open","sticky":false,"template":"","format":"standard","meta":{"footnotes":""},"categories":[3,4],"tags":[],"_links":{"self":[{"href":"http:\/\/fecomercio-pe.com.br\/site\/wp-json\/wp\/v2\/posts\/11592"}],"collection":[{"href":"http:\/\/fecomercio-pe.com.br\/site\/wp-json\/wp\/v2\/posts"}],"about":[{"href":"http:\/\/fecomercio-pe.com.br\/site\/wp-json\/wp\/v2\/types\/post"}],"author":[{"embeddable":true,"href":"http:\/\/fecomercio-pe.com.br\/site\/wp-json\/wp\/v2\/users\/12"}],"replies":[{"embeddable":true,"href":"http:\/\/fecomercio-pe.com.br\/site\/wp-json\/wp\/v2\/comments?post=11592"}],"version-history":[{"count":1,"href":"http:\/\/fecomercio-pe.com.br\/site\/wp-json\/wp\/v2\/posts\/11592\/revisions"}],"predecessor-version":[{"id":11594,"href":"http:\/\/fecomercio-pe.com.br\/site\/wp-json\/wp\/v2\/posts\/11592\/revisions\/11594"}],"wp:featuredmedia":[{"embeddable":true,"href":"http:\/\/fecomercio-pe.com.br\/site\/wp-json\/wp\/v2\/media\/11593"}],"wp:attachment":[{"href":"http:\/\/fecomercio-pe.com.br\/site\/wp-json\/wp\/v2\/media?parent=11592"}],"wp:term":[{"taxonomy":"category","embeddable":true,"href":"http:\/\/fecomercio-pe.com.br\/site\/wp-json\/wp\/v2\/categories?post=11592"},{"taxonomy":"post_tag","embeddable":true,"href":"http:\/\/fecomercio-pe.com.br\/site\/wp-json\/wp\/v2\/tags?post=11592"}],"curies":[{"name":"wp","href":"https:\/\/api.w.org\/{rel}","templated":true}]}}