{"id":11578,"date":"2025-10-13T12:39:35","date_gmt":"2025-10-13T15:39:35","guid":{"rendered":"https:\/\/fecomercio-pe.com.br\/site\/?p=11578"},"modified":"2025-10-13T12:39:35","modified_gmt":"2025-10-13T15:39:35","slug":"fecomercio-pe-realiza-seminarios-pos-missao-empresarial-ao-japao-e-a-china-em-recife-e-jaboatao","status":"publish","type":"post","link":"http:\/\/fecomercio-pe.com.br\/site\/fecomercio-pe-realiza-seminarios-pos-missao-empresarial-ao-japao-e-a-china-em-recife-e-jaboatao\/","title":{"rendered":"Fecom\u00e9rcio-PE realiza semin\u00e1rios p\u00f3s-miss\u00e3o empresarial ao Jap\u00e3o e \u00e0 China em Recife e Jaboat\u00e3o"},"content":{"rendered":"<p><em>Encontros contar\u00e3o com palestra do coordenador t\u00e9cnico da miss\u00e3o, F\u00e1bio Oliveira, que apresentar\u00e1 aprendizados e oportunidades de neg\u00f3cios inspiradas na \u00c1sia<\/em><\/p>\n<p>A Federa\u00e7\u00e3o do Com\u00e9rcio de Bens, Servi\u00e7os e Turismo do Estado de Pernambuco (Fecom\u00e9rcio-PE) realiza, no dia 23 de outubro, dois semin\u00e1rios voltados \u00e0 difus\u00e3o dos resultados e aprendizados da 20\u00aa Miss\u00e3o Empresarial Nordeste ao Jap\u00e3o e \u00e0 China. A miss\u00e3o reuniu 65 participantes, entre empres\u00e1rios, representantes de entidades de classe, autoridades p\u00fablicas e dirigentes de institui\u00e7\u00f5es de estados como Rio de Janeiro, Rio Grande do Sul e Rio Grande do Norte. Os encontros acontecem \u00e0s 9h, na sede da Fecom\u00e9rcio-PE, no Recife, e \u00e0s 19h, no Sesc Piedade, em Jaboat\u00e3o dos Guararapes. Em ambos, o coordenador t\u00e9cnico da miss\u00e3o, F\u00e1bio Oliveira, ministra a palestra \u201cExperi\u00eancias e Conex\u00f5es\u201d, apresentando as principais pr\u00e1ticas e oportunidades observadas nos dois pa\u00edses asi\u00e1ticos.<\/p>\n<p>Os semin\u00e1rios integram a programa\u00e7\u00e3o p\u00f3s-Miss\u00e3o Empresarial: Jap\u00e3o e China, promovida pelo Sistema Fecom\u00e9rcio\/Sesc\/Senac Pernambuco, com apoio do Senac-PE, do Sesc-PE e do Sebrae\/PE. O objetivo \u00e9 compartilhar, com empres\u00e1rios, gestores p\u00fablicos e institui\u00e7\u00f5es locais, as experi\u00eancias vividas pela comitiva nordestina durante as duas semanas de imers\u00e3o. A programa\u00e7\u00e3o internacional incluiu reuni\u00f5es com representantes da Japan External Trade Organization (JETRO), Japan International Cooperation Agency (JICA) e C\u00e2mara de Com\u00e9rcio Brasileira no Jap\u00e3o, al\u00e9m da participa\u00e7\u00e3o na China International Fair for Trade in Services (CIFTIS), em Pequim \u2014 considerada a maior feira de com\u00e9rcio de servi\u00e7os do mundo.<\/p>\n<p>Os semin\u00e1rios contar\u00e3o com a apresenta\u00e7\u00e3o de F\u00e1bio Oliveira, coordenador t\u00e9cnico da miss\u00e3o, e a participa\u00e7\u00e3o, no Recife, de Marco Aur\u00e9lio Filho, secret\u00e1rio de Direitos Humanos e Juventude do Recife; Elias Salom\u00e3o, s\u00f3cio-gerente da Drogaria Madalena e vice-presidente do Sincofarma-PE; e Bruno Campelo, CEO da BBG Telecom. J\u00e1 em Jaboat\u00e3o dos Guararapes, participam Mano Medeiros, prefeito do munic\u00edpio; Felipe Freire, diretor financeiro do Atacad\u00e3o MEC e presidente do Sindicom Jaboat\u00e3o; e Roberto Wagner, diretor-presidente da Palma M\u00e1quinas e Ferramentas e diretor do Sindicom Jaboat\u00e3o.<\/p>\n<p>De acordo com F\u00e1bio Oliveira, Recife e Jaboat\u00e3o tiveram papel estrat\u00e9gico na concep\u00e7\u00e3o e execu\u00e7\u00e3o da miss\u00e3o, sediando parte do planejamento e integrando a delega\u00e7\u00e3o com forte presen\u00e7a pol\u00edtica e empresarial. \u201cA Regi\u00e3o Metropolitana do Recife foi essencial para o sucesso da miss\u00e3o, tanto na articula\u00e7\u00e3o institucional quanto na diversidade dos empres\u00e1rios participantes. Essas cidades lideraram o processo de internacionaliza\u00e7\u00e3o da comitiva e agora tamb\u00e9m s\u00e3o protagonistas na dissemina\u00e7\u00e3o do conhecimento adquirido\u201d, destacou o coordenador.<\/p>\n<p>Oliveira acrescenta que a proposta dos semin\u00e1rios \u00e9 apresentar ao p\u00fablico pernambucano como as experi\u00eancias no Jap\u00e3o e na China podem inspirar novos modelos de gest\u00e3o, inova\u00e7\u00e3o e desenvolvimento econ\u00f4mico regional. \u201cO Nordeste tem potencial para se conectar de forma mais direta com o mercado asi\u00e1tico, e essa miss\u00e3o mostrou caminhos concretos para isso \u2014 desde o interc\u00e2mbio tecnol\u00f3gico at\u00e9 a atra\u00e7\u00e3o de investimentos em setores estrat\u00e9gicos como energia, com\u00e9rcio e turismo\u201d, afirmou.<\/p>\n<p>Para o presidente do Sistema Fecom\u00e9rcio\/Sesc\/Senac Pernambuco, Bernardo Peixoto, a etapa p\u00f3s-miss\u00e3o representa o fechamento de um ciclo que refor\u00e7a a presen\u00e7a internacional do empresariado nordestino. \u201cAp\u00f3s duas semanas de intensa agenda em Osaka, T\u00f3quio, Shenzhen e Pequim, voltamos com resultados expressivos e uma bagagem de conhecimento que precisa ser compartilhada. O semin\u00e1rio \u00e9 justamente esse espa\u00e7o para traduzir o que vivenciamos e fortalecer a integra\u00e7\u00e3o entre o setor produtivo, o poder p\u00fablico e as institui\u00e7\u00f5es de ensino\u201d, avaliou.<\/p>\n<h3><strong>Servi\u00e7o <\/strong><\/h3>\n<p><strong>Semin\u00e1rio P\u00f3s-Miss\u00e3o Empresarial Jap\u00e3o e China \u2013 Experi\u00eancias e Conex\u00f5es &#8211; Recife<br \/>\nData:<\/strong> 23 de outubro<br \/>\n<strong>Hor\u00e1rio:<\/strong> 9h<br \/>\n<strong>Local: <\/strong>Fecom\u00e9rcio-PE, Avenida Visconde de Suassuna, 265, Santo Amaro, Recife<br \/>\n<strong>Inscri\u00e7\u00f5es:<\/strong> inscri\u00e7\u00f5es: <a href=\"http:\/\/www.fecomercio-pe.com.br\">www.fecomercio-pe.com.br<\/a>.<\/p>\n<p><strong>Semin\u00e1rio P\u00f3s-Miss\u00e3o Empresarial Jap\u00e3o e China \u2013 Experi\u00eancias e Conex\u00f5es &#8211; Jaboat\u00e3o<\/strong><br \/>\n<strong>Data:<\/strong> 23 de outubro<br \/>\n<strong>Hor\u00e1rio:<\/strong> 19h<br \/>\n<strong>Local:<\/strong> Sesc Piedade, Rua Goiana, 40, Candeias, Jaboat\u00e3o dos Guararapes<br \/>\n<strong>Inscri\u00e7\u00f5es:<\/strong> <a href=\"http:\/\/www.fecomercio-pe.com.br\">www.fecomercio-pe.com.br<\/a>.<\/p>\n<p>&nbsp;<\/p>\n","protected":false},"excerpt":{"rendered":"<p>Encontros contar\u00e3o com palestra do coordenador t\u00e9cnico da miss\u00e3o, F\u00e1bio Oliveira, que apresentar\u00e1 aprendizados e oportunidades de neg\u00f3cios inspiradas na \u00c1sia A Federa\u00e7\u00e3o do Com\u00e9rcio de Bens, Servi\u00e7os e Turismo do Estado de Pernambuco (Fecom\u00e9rcio-PE) realiza, no dia 23 de outubro, dois semin\u00e1rios voltados \u00e0 difus\u00e3o dos resultados e aprendizados da 20\u00aa Miss\u00e3o Empresarial Nordeste<br \/><a href=\"http:\/\/fecomercio-pe.com.br\/site\/fecomercio-pe-realiza-seminarios-pos-missao-empresarial-ao-japao-e-a-china-em-recife-e-jaboatao\/\" class=\"more\">Read more<\/a><\/p>\n","protected":false},"author":12,"featured_media":11579,"comment_status":"closed","ping_status":"open","sticky":false,"template":"","format":"standard","meta":{"footnotes":""},"categories":[3,4],"tags":[],"_links":{"self":[{"href":"http:\/\/fecomercio-pe.com.br\/site\/wp-json\/wp\/v2\/posts\/11578"}],"collection":[{"href":"http:\/\/fecomercio-pe.com.br\/site\/wp-json\/wp\/v2\/posts"}],"about":[{"href":"http:\/\/fecomercio-pe.com.br\/site\/wp-json\/wp\/v2\/types\/post"}],"author":[{"embeddable":true,"href":"http:\/\/fecomercio-pe.com.br\/site\/wp-json\/wp\/v2\/users\/12"}],"replies":[{"embeddable":true,"href":"http:\/\/fecomercio-pe.com.br\/site\/wp-json\/wp\/v2\/comments?post=11578"}],"version-history":[{"count":1,"href":"http:\/\/fecomercio-pe.com.br\/site\/wp-json\/wp\/v2\/posts\/11578\/revisions"}],"predecessor-version":[{"id":11580,"href":"http:\/\/fecomercio-pe.com.br\/site\/wp-json\/wp\/v2\/posts\/11578\/revisions\/11580"}],"wp:featuredmedia":[{"embeddable":true,"href":"http:\/\/fecomercio-pe.com.br\/site\/wp-json\/wp\/v2\/media\/11579"}],"wp:attachment":[{"href":"http:\/\/fecomercio-pe.com.br\/site\/wp-json\/wp\/v2\/media?parent=11578"}],"wp:term":[{"taxonomy":"category","embeddable":true,"href":"http:\/\/fecomercio-pe.com.br\/site\/wp-json\/wp\/v2\/categories?post=11578"},{"taxonomy":"post_tag","embeddable":true,"href":"http:\/\/fecomercio-pe.com.br\/site\/wp-json\/wp\/v2\/tags?post=11578"}],"curies":[{"name":"wp","href":"https:\/\/api.w.org\/{rel}","templated":true}]}}