{"id":11575,"date":"2025-10-13T12:37:49","date_gmt":"2025-10-13T15:37:49","guid":{"rendered":"https:\/\/fecomercio-pe.com.br\/site\/?p=11575"},"modified":"2025-10-13T12:37:49","modified_gmt":"2025-10-13T15:37:49","slug":"fecomercio-pe-promove-em-caruaru-seminario-pos-missao-empresarial-ao-japao-e-a-china","status":"publish","type":"post","link":"http:\/\/fecomercio-pe.com.br\/site\/fecomercio-pe-promove-em-caruaru-seminario-pos-missao-empresarial-ao-japao-e-a-china\/","title":{"rendered":"Fecom\u00e9rcio-PE promove em Caruaru semin\u00e1rio p\u00f3s-miss\u00e3o empresarial ao Jap\u00e3o e \u00e0 China"},"content":{"rendered":"<p><em>Semin\u00e1rio ser\u00e1 realizado no dia 22, no Centro de Conven\u00e7\u00f5es do Senac, com objetivo de compartilhar experi\u00eancias internacionais e impulsionar o com\u00e9rcio local<\/em><\/p>\n<p>A Federa\u00e7\u00e3o do Com\u00e9rcio de Bens, Servi\u00e7os e Turismo do Estado de Pernambuco (Fecom\u00e9rcio-PE) realiza, no dia 22, o Semin\u00e1rio P\u00f3s-Miss\u00e3o Empresarial Jap\u00e3o e China \u2013 Experi\u00eancias e Conex\u00f5es, em Caruaru. A atividade integra a programa\u00e7\u00e3o estadual de difus\u00e3o dos resultados da 20\u00aa Miss\u00e3o Empresarial Nordeste ao Jap\u00e3o e \u00e0 China, realizada neste ano, e tem como objetivo compartilhar aprendizados e oportunidades de neg\u00f3cios observadas nos dois pa\u00edses asi\u00e1ticos.<\/p>\n<p>A miss\u00e3o, que contou com apoio do Senac-PE, do Sesc-PE e do Sebrae\/PE, reuniu 65 participantes, entre empres\u00e1rios, representantes de entidades de classe, autoridades p\u00fablicas e dirigentes de institui\u00e7\u00f5es de estados como Rio de Janeiro, Rio Grande do Sul e Rio Grande do Norte. Em Caruaru, o evento contar\u00e1 com a palestra \u201cExperi\u00eancias e Conex\u00f5es\u201d, ministrada pelo coordenador t\u00e9cnico da miss\u00e3o, F\u00e1bio Oliveira, que apresentar\u00e1 pr\u00e1ticas de inova\u00e7\u00e3o, gest\u00e3o e sustentabilidade inspiradas nas experi\u00eancias vividas em Osaka, T\u00f3quio, Shenzhen e Pequim.<\/p>\n<p>O encontro em Caruaru contar\u00e1 com a apresenta\u00e7\u00e3o de F\u00e1bio Oliveira, coordenador t\u00e9cnico da miss\u00e3o, e a participa\u00e7\u00e3o de Manoel Santos, diretor-presidente da Cazanova Material de Constru\u00e7\u00e3o e Distribui\u00e7\u00e3o e presidente do Sincomex-PE; Michel Jean, diretor-presidente da BCNE Contabilidade e diretor do Sindloja Caruaru; e Augusto Costa, CEO da Tok Pr\u00e1tico e presidente do Sindloja Caruaru.<\/p>\n<p>De acordo com F\u00e1bio Oliveira, a escolha de Caruaru foi motivada tanto pela expressiva participa\u00e7\u00e3o de empres\u00e1rios e l\u00edderes de entidades de classe na miss\u00e3o quanto pela import\u00e2ncia econ\u00f4mica do munic\u00edpio. \u201cCaruaru \u00e9, historicamente, um dos principais centros comerciais do estado, com grande representatividade empresarial. Realizar o semin\u00e1rio aqui \u00e9 uma forma de reconhecer esse protagonismo e aproximar o empresariado local das experi\u00eancias e conex\u00f5es internacionais que podem inspirar novos caminhos de crescimento\u201d, destacou.<\/p>\n<p>Para o presidente do Sistema Fecom\u00e9rcio\/Sesc\/Senac Pernambuco, Bernardo Peixoto, a realiza\u00e7\u00e3o do semin\u00e1rio em Caruaru refor\u00e7a o papel da cidade como polo estrat\u00e9gico para o desenvolvimento do com\u00e9rcio de bens, servi\u00e7os e turismo no interior. \u201cCaruaru tem um dinamismo econ\u00f4mico exemplar e representa um polo de refer\u00eancia para o interior de Pernambuco. Trazer o semin\u00e1rio para c\u00e1 \u00e9 uma forma de reconhecer essa for\u00e7a e de ampliar o acesso a conhecimentos que podem impulsionar a inova\u00e7\u00e3o e o empreendedorismo local\u201d, afirmou.<\/p>\n<p>Recife e Jaboat\u00e3o dos Guararapes tamb\u00e9m receber\u00e3o o semin\u00e1rio, no dia 23 de outubro, ampliando a troca de experi\u00eancias e o alcance do projeto em diferentes regi\u00f5es do estado. As inscri\u00e7\u00f5es podem ser feitas no site <a href=\"http:\/\/www.fecomercio-pe.com.br\">www.fecomercio-pe.com.br<\/a>.<\/p>\n<p><strong>Servi\u00e7o<\/strong><br \/>\n<strong>Semin\u00e1rio P\u00f3s-Miss\u00e3o Empresarial Jap\u00e3o e China \u2013 Experi\u00eancias e Conex\u00f5es &#8211; Caruaru<br \/>\n<\/strong>Data: 22 de outubro<br \/>\nHor\u00e1rio: 19h<br \/>\nLocal: Centro de Conven\u00e7\u00f5es Senac \u2013 Avenida Maria Jos\u00e9 Lyra, n\u00ba 140, Indian\u00f3polis, Caruaru-PE<br \/>\nInscri\u00e7\u00f5es: <a href=\"http:\/\/www.fecomercio-pe.com.br\">www.fecomercio-pe.com.br<\/a>.<\/p>\n","protected":false},"excerpt":{"rendered":"<p>Semin\u00e1rio ser\u00e1 realizado no dia 22, no Centro de Conven\u00e7\u00f5es do Senac, com objetivo de compartilhar experi\u00eancias internacionais e impulsionar o com\u00e9rcio local A Federa\u00e7\u00e3o do Com\u00e9rcio de Bens, Servi\u00e7os e Turismo do Estado de Pernambuco (Fecom\u00e9rcio-PE) realiza, no dia 22, o Semin\u00e1rio P\u00f3s-Miss\u00e3o Empresarial Jap\u00e3o e China \u2013 Experi\u00eancias e Conex\u00f5es, em Caruaru. A<br \/><a href=\"http:\/\/fecomercio-pe.com.br\/site\/fecomercio-pe-promove-em-caruaru-seminario-pos-missao-empresarial-ao-japao-e-a-china\/\" class=\"more\">Read more<\/a><\/p>\n","protected":false},"author":12,"featured_media":11576,"comment_status":"closed","ping_status":"open","sticky":false,"template":"","format":"standard","meta":{"footnotes":""},"categories":[3,4],"tags":[],"_links":{"self":[{"href":"http:\/\/fecomercio-pe.com.br\/site\/wp-json\/wp\/v2\/posts\/11575"}],"collection":[{"href":"http:\/\/fecomercio-pe.com.br\/site\/wp-json\/wp\/v2\/posts"}],"about":[{"href":"http:\/\/fecomercio-pe.com.br\/site\/wp-json\/wp\/v2\/types\/post"}],"author":[{"embeddable":true,"href":"http:\/\/fecomercio-pe.com.br\/site\/wp-json\/wp\/v2\/users\/12"}],"replies":[{"embeddable":true,"href":"http:\/\/fecomercio-pe.com.br\/site\/wp-json\/wp\/v2\/comments?post=11575"}],"version-history":[{"count":1,"href":"http:\/\/fecomercio-pe.com.br\/site\/wp-json\/wp\/v2\/posts\/11575\/revisions"}],"predecessor-version":[{"id":11577,"href":"http:\/\/fecomercio-pe.com.br\/site\/wp-json\/wp\/v2\/posts\/11575\/revisions\/11577"}],"wp:featuredmedia":[{"embeddable":true,"href":"http:\/\/fecomercio-pe.com.br\/site\/wp-json\/wp\/v2\/media\/11576"}],"wp:attachment":[{"href":"http:\/\/fecomercio-pe.com.br\/site\/wp-json\/wp\/v2\/media?parent=11575"}],"wp:term":[{"taxonomy":"category","embeddable":true,"href":"http:\/\/fecomercio-pe.com.br\/site\/wp-json\/wp\/v2\/categories?post=11575"},{"taxonomy":"post_tag","embeddable":true,"href":"http:\/\/fecomercio-pe.com.br\/site\/wp-json\/wp\/v2\/tags?post=11575"}],"curies":[{"name":"wp","href":"https:\/\/api.w.org\/{rel}","templated":true}]}}