{"id":11572,"date":"2025-10-13T12:35:55","date_gmt":"2025-10-13T15:35:55","guid":{"rendered":"https:\/\/fecomercio-pe.com.br\/site\/?p=11572"},"modified":"2025-10-13T12:35:55","modified_gmt":"2025-10-13T15:35:55","slug":"fecomercio-pe-promove-em-vitoria-de-santo-antao-seminario-pos-missao-empresarial-ao-japao-e-a-china","status":"publish","type":"post","link":"http:\/\/fecomercio-pe.com.br\/site\/fecomercio-pe-promove-em-vitoria-de-santo-antao-seminario-pos-missao-empresarial-ao-japao-e-a-china\/","title":{"rendered":"Fecom\u00e9rcio-PE promove, em Vit\u00f3ria de Santo Ant\u00e3o, semin\u00e1rio p\u00f3s-miss\u00e3o empresarial ao Jap\u00e3o e \u00e0 China"},"content":{"rendered":"<p><em>Encontro ser\u00e1 realizado no dia 21, na Unifacol, e reunir\u00e1 empres\u00e1rios e lideran\u00e7as locais para compartilhar aprendizados e oportunidades de neg\u00f3cios inspiradas na experi\u00eancia internacional<\/em><\/p>\n<p>A Federa\u00e7\u00e3o do Com\u00e9rcio de Bens, Servi\u00e7os e Turismo do Estado de Pernambuco (Fecom\u00e9rcio-PE) realiza, na pr\u00f3xima ter\u00e7a-feira (21), o Semin\u00e1rio P\u00f3s-Miss\u00e3o Empresarial Jap\u00e3o e China \u2013 Experi\u00eancias e Conex\u00f5es, em Vit\u00f3ria de Santo Ant\u00e3o. O evento integra a programa\u00e7\u00e3o estadual de difus\u00e3o dos resultados da 20\u00aa Miss\u00e3o Empresarial Nordeste ao Jap\u00e3o e \u00e0 China, e tem como objetivo compartilhar aprendizados e oportunidades de neg\u00f3cios observadas nos dois pa\u00edses asi\u00e1ticos.<\/p>\n<p>A miss\u00e3o, realizada neste ano com o apoio do Senac-PE, do Sesc-PE e do Sebrae\/PE, reuniu 65 participantes, entre empres\u00e1rios, representantes de entidades de classe, autoridades p\u00fablicas e dirigentes de institui\u00e7\u00f5es de estados como Rio de Janeiro, Rio Grande do Sul e Rio Grande do Norte, al\u00e9m do prefeito de Vit\u00f3ria de Santo Ant\u00e3o, Paulo Roberto. O encontro contar\u00e1 com a palestra \u201cExperi\u00eancias e Conex\u00f5es\u201d, ministrada pelo coordenador t\u00e9cnico da miss\u00e3o, F\u00e1bio Oliveira, que apresentar\u00e1 pr\u00e1ticas de inova\u00e7\u00e3o, gest\u00e3o e sustentabilidade observadas em Osaka, T\u00f3quio, Shenzhen e Pequim.<\/p>\n<p>O encontro em Vit\u00f3ria de Santo Ant\u00e3o contar\u00e1 com a apresenta\u00e7\u00e3o de F\u00e1bio Oliveira, coordenador t\u00e9cnico da miss\u00e3o, e a participa\u00e7\u00e3o de Maria Helena Ara\u00fajo, diretora comercial da Sucesso no Resultado; Paulo Arruda, prefeito de Vit\u00f3ria de Santo Ant\u00e3o; e Jos\u00e9 Carlos de Santana, s\u00f3cio administrador da Centro Service e presidente do Sincope\u00e7as-PE.<\/p>\n<p>De acordo com F\u00e1bio Oliveira, a escolha de Vit\u00f3ria de Santo Ant\u00e3o tem rela\u00e7\u00e3o direta com a presen\u00e7a de representantes locais na delega\u00e7\u00e3o e com a parceria entre o Sistema Fecom\u00e9rcio-PE e institui\u00e7\u00f5es da cidade. \u201cEm Vit\u00f3ria, o evento apresenta ao empresariado e \u00e0 sociedade a viv\u00eancia que a delega\u00e7\u00e3o teve durante os dias de miss\u00e3o, especialmente junto ao corpo docente e discente do Senac e a Unifacol\u201d, destacou.<\/p>\n<p>Para o presidente do Sistema Fecom\u00e9rcio\/Sesc\/Senac Pernambuco, Bernardo Peixoto, a realiza\u00e7\u00e3o do semin\u00e1rio em Vit\u00f3ria de Santo Ant\u00e3o refor\u00e7a a import\u00e2ncia do munic\u00edpio como polo educacional e empresarial do interior. \u201cVit\u00f3ria \u00e9 uma cidade com forte presen\u00e7a empreendedora e com um ecossistema que combina educa\u00e7\u00e3o, inova\u00e7\u00e3o e neg\u00f3cios. Levar o semin\u00e1rio para l\u00e1 \u00e9 uma forma de fortalecer essa rede e de aproximar o empresariado local das experi\u00eancias e oportunidades internacionais que vivenciamos na miss\u00e3o\u201d, afirmou.<\/p>\n<p>Os pr\u00f3ximos encontros da programa\u00e7\u00e3o ocorrer\u00e3o em Caruaru, no dia 22, em Jaboat\u00e3o dos Guararapes e em Recife, no dia 23, ampliando a troca de experi\u00eancias e o alcance do projeto em diferentes regi\u00f5es do estado. As inscri\u00e7\u00f5es s\u00e3o gratuitas e podem ser realizadas pelo site <a href=\"http:\/\/www.fecomercio-pe.com.br\">www.fecomercio-pe.com.br<\/a>.<\/p>\n<p>&nbsp;<\/p>\n<p><strong>Servi\u00e7o<\/strong><\/p>\n<p><strong>Semin\u00e1rio P\u00f3s-Miss\u00e3o Empresarial Jap\u00e3o e China \u2013 Experi\u00eancias e Conex\u00f5es \u2013 Vit\u00f3ria de Santo Ant\u00e3o<\/strong><\/p>\n<p><strong>Data: <\/strong>21 de outubro (ter\u00e7a-feira)<\/p>\n<p><strong>Hor\u00e1rio:<\/strong> 19h<\/p>\n<p><strong>Local: <\/strong>Unifacol \u2013 R. do Estudante, 85 &#8211; Universit\u00e1rio, Vit\u00f3ria de Santo Ant\u00e3o &#8211; PE<\/p>\n<p><strong>Inscri\u00e7\u00f5es:<\/strong> <a href=\"http:\/\/www.fecomercio-pe.com.br\">www.fecomercio-pe.com.br<\/a><\/p>\n","protected":false},"excerpt":{"rendered":"<p>Encontro ser\u00e1 realizado no dia 21, na Unifacol, e reunir\u00e1 empres\u00e1rios e lideran\u00e7as locais para compartilhar aprendizados e oportunidades de neg\u00f3cios inspiradas na experi\u00eancia internacional A Federa\u00e7\u00e3o do Com\u00e9rcio de Bens, Servi\u00e7os e Turismo do Estado de Pernambuco (Fecom\u00e9rcio-PE) realiza, na pr\u00f3xima ter\u00e7a-feira (21), o Semin\u00e1rio P\u00f3s-Miss\u00e3o Empresarial Jap\u00e3o e China \u2013 Experi\u00eancias e Conex\u00f5es,<br \/><a href=\"http:\/\/fecomercio-pe.com.br\/site\/fecomercio-pe-promove-em-vitoria-de-santo-antao-seminario-pos-missao-empresarial-ao-japao-e-a-china\/\" class=\"more\">Read more<\/a><\/p>\n","protected":false},"author":12,"featured_media":11573,"comment_status":"closed","ping_status":"open","sticky":false,"template":"","format":"standard","meta":{"footnotes":""},"categories":[3,4],"tags":[],"_links":{"self":[{"href":"http:\/\/fecomercio-pe.com.br\/site\/wp-json\/wp\/v2\/posts\/11572"}],"collection":[{"href":"http:\/\/fecomercio-pe.com.br\/site\/wp-json\/wp\/v2\/posts"}],"about":[{"href":"http:\/\/fecomercio-pe.com.br\/site\/wp-json\/wp\/v2\/types\/post"}],"author":[{"embeddable":true,"href":"http:\/\/fecomercio-pe.com.br\/site\/wp-json\/wp\/v2\/users\/12"}],"replies":[{"embeddable":true,"href":"http:\/\/fecomercio-pe.com.br\/site\/wp-json\/wp\/v2\/comments?post=11572"}],"version-history":[{"count":1,"href":"http:\/\/fecomercio-pe.com.br\/site\/wp-json\/wp\/v2\/posts\/11572\/revisions"}],"predecessor-version":[{"id":11574,"href":"http:\/\/fecomercio-pe.com.br\/site\/wp-json\/wp\/v2\/posts\/11572\/revisions\/11574"}],"wp:featuredmedia":[{"embeddable":true,"href":"http:\/\/fecomercio-pe.com.br\/site\/wp-json\/wp\/v2\/media\/11573"}],"wp:attachment":[{"href":"http:\/\/fecomercio-pe.com.br\/site\/wp-json\/wp\/v2\/media?parent=11572"}],"wp:term":[{"taxonomy":"category","embeddable":true,"href":"http:\/\/fecomercio-pe.com.br\/site\/wp-json\/wp\/v2\/categories?post=11572"},{"taxonomy":"post_tag","embeddable":true,"href":"http:\/\/fecomercio-pe.com.br\/site\/wp-json\/wp\/v2\/tags?post=11572"}],"curies":[{"name":"wp","href":"https:\/\/api.w.org\/{rel}","templated":true}]}}