{"id":11564,"date":"2025-10-08T10:52:32","date_gmt":"2025-10-08T13:52:32","guid":{"rendered":"https:\/\/fecomercio-pe.com.br\/site\/?p=11564"},"modified":"2025-10-08T16:54:39","modified_gmt":"2025-10-08T19:54:39","slug":"atualizacao-da-nr1-e-tema-de-cafe-empresarial-da-fecomercio-pe","status":"publish","type":"post","link":"http:\/\/fecomercio-pe.com.br\/site\/atualizacao-da-nr1-e-tema-de-cafe-empresarial-da-fecomercio-pe\/","title":{"rendered":"Atualiza\u00e7\u00e3o da NR1 \u00e9 tema de Caf\u00e9 Empresarial da Fecom\u00e9rcio-PE"},"content":{"rendered":"<p>A Federa\u00e7\u00e3o do Com\u00e9rcio de Bens, Servi\u00e7os e Turismo do Estado de Pernambuco (Fecom\u00e9rcio-PE), por meio do Instituto Fecom\u00e9rcio, realizou, nesta ter\u00e7a-feira (7), mais uma edi\u00e7\u00e3o do Caf\u00e9 Empresarial, que teve como tema central a atualiza\u00e7\u00e3o da Norma Regulamentadora n\u00ba 1 (NR1). O encontro ocorreu na cobertura da Casa do Com\u00e9rcio e teve como objetivo orientar empres\u00e1rios, gestores de recursos humanos e profissionais da sa\u00fade ocupacional sobre as mudan\u00e7as pr\u00e1ticas trazidas pela norma.<\/p>\n<p>No evento, o psic\u00f3logo e palestrante Frederico Porto explicou que a NR1 passou por atualiza\u00e7\u00f5es que exigem das empresas uma postura mais preventiva e estrat\u00e9gica, especialmente no cuidado com a sa\u00fade mental dos colaboradores. \u201cTransmiti neste evento um conte\u00fado t\u00e9cnico, mas crucial para a sa\u00fade mental integral do trabalhador\u201d, afirmou.<\/p>\n<p>Segundo Porto, \u201ca participa\u00e7\u00e3o do p\u00fablico, tirando d\u00favidas, contribuindo com suas experi\u00eancias individuais e, especialmente, levando ideias para tornar o ambiente corporativo mais acolhedor, foi um dos pontos altos do encontro\u201d.<\/p>\n<p>Para J\u00e9ssica Azevedo, propriet\u00e1ria da empresa SS Fibra, a palestra apresentou novos h\u00e1bitos a serem adotados pelas empresas. \u201cDesconstruir h\u00e1bitos antigos, construir h\u00e1bitos novos, com empatia, cautela e continuidade\u201d, destacou.<\/p>\n<p>J\u00e1 Isabela Lessa, advogada e s\u00f3cia do escrit\u00f3rio Bahia, Lins e Lessa, especializado em preven\u00e7\u00e3o empresarial, ressaltou a import\u00e2ncia pr\u00e1tica da capacita\u00e7\u00e3o. \u201cEu trabalho com a implementa\u00e7\u00e3o de compliance. No escrit\u00f3rio, estamos dando suporte a algumas empresas para analisar como elas est\u00e3o em termos de adequa\u00e7\u00e3o \u00e0 NR1. Achei o curso muito enriquecedor, porque conseguiu ser pr\u00e1tico e, de fato, comunicar-se com o dia a dia de quem atua dentro da empresa ou com consultoria. Trouxe o bem-estar como elemento essencial dentro de um neg\u00f3cio, mas sem superficialidade\u201d, explicou.<\/p>\n<p>Para Ricardo Santos, superintendente do Instituto Fecom\u00e9rcio, a escolha do tema refor\u00e7ou o compromisso da institui\u00e7\u00e3o em oferecer conte\u00fados atuais e relevantes para os empres\u00e1rios. \u201cA atualiza\u00e7\u00e3o da NR1 marca um avan\u00e7o importante nas rela\u00e7\u00f5es de trabalho, pois estimula uma postura mais preventiva e estrat\u00e9gica dentro das empresas. Ao tratar a seguran\u00e7a e a sa\u00fade do trabalhador como parte da gest\u00e3o, as organiza\u00e7\u00f5es ganham em produtividade, credibilidade e sustentabilidade. O Instituto Fecom\u00e9rcio Pernambuco tem buscado justamente isso: apoiar o empresariado com conhecimento pr\u00e1tico e atualizado, para que estejam preparados para os novos desafios da legisla\u00e7\u00e3o\u201d, destacou.<\/p>\n<p>&nbsp;<\/p>\n","protected":false},"excerpt":{"rendered":"<p>A Federa\u00e7\u00e3o do Com\u00e9rcio de Bens, Servi\u00e7os e Turismo do Estado de Pernambuco (Fecom\u00e9rcio-PE), por meio do Instituto Fecom\u00e9rcio, realizou, nesta ter\u00e7a-feira (7), mais uma edi\u00e7\u00e3o do Caf\u00e9 Empresarial, que teve como tema central a atualiza\u00e7\u00e3o da Norma Regulamentadora n\u00ba 1 (NR1). O encontro ocorreu na cobertura da Casa do Com\u00e9rcio e teve como objetivo<br \/><a href=\"http:\/\/fecomercio-pe.com.br\/site\/atualizacao-da-nr1-e-tema-de-cafe-empresarial-da-fecomercio-pe\/\" class=\"more\">Read more<\/a><\/p>\n","protected":false},"author":12,"featured_media":11565,"comment_status":"closed","ping_status":"open","sticky":false,"template":"","format":"standard","meta":{"footnotes":""},"categories":[3,4],"tags":[],"_links":{"self":[{"href":"http:\/\/fecomercio-pe.com.br\/site\/wp-json\/wp\/v2\/posts\/11564"}],"collection":[{"href":"http:\/\/fecomercio-pe.com.br\/site\/wp-json\/wp\/v2\/posts"}],"about":[{"href":"http:\/\/fecomercio-pe.com.br\/site\/wp-json\/wp\/v2\/types\/post"}],"author":[{"embeddable":true,"href":"http:\/\/fecomercio-pe.com.br\/site\/wp-json\/wp\/v2\/users\/12"}],"replies":[{"embeddable":true,"href":"http:\/\/fecomercio-pe.com.br\/site\/wp-json\/wp\/v2\/comments?post=11564"}],"version-history":[{"count":1,"href":"http:\/\/fecomercio-pe.com.br\/site\/wp-json\/wp\/v2\/posts\/11564\/revisions"}],"predecessor-version":[{"id":11566,"href":"http:\/\/fecomercio-pe.com.br\/site\/wp-json\/wp\/v2\/posts\/11564\/revisions\/11566"}],"wp:featuredmedia":[{"embeddable":true,"href":"http:\/\/fecomercio-pe.com.br\/site\/wp-json\/wp\/v2\/media\/11565"}],"wp:attachment":[{"href":"http:\/\/fecomercio-pe.com.br\/site\/wp-json\/wp\/v2\/media?parent=11564"}],"wp:term":[{"taxonomy":"category","embeddable":true,"href":"http:\/\/fecomercio-pe.com.br\/site\/wp-json\/wp\/v2\/categories?post=11564"},{"taxonomy":"post_tag","embeddable":true,"href":"http:\/\/fecomercio-pe.com.br\/site\/wp-json\/wp\/v2\/tags?post=11564"}],"curies":[{"name":"wp","href":"https:\/\/api.w.org\/{rel}","templated":true}]}}