{"id":11553,"date":"2025-10-06T12:08:52","date_gmt":"2025-10-06T15:08:52","guid":{"rendered":"https:\/\/fecomercio-pe.com.br\/site\/?p=11553"},"modified":"2025-10-08T12:20:03","modified_gmt":"2025-10-08T15:20:03","slug":"expectativa-de-movimentacao-de-r-235-milhoes-no-dia-das-criancas-de-pernambuco","status":"publish","type":"post","link":"http:\/\/fecomercio-pe.com.br\/site\/expectativa-de-movimentacao-de-r-235-milhoes-no-dia-das-criancas-de-pernambuco\/","title":{"rendered":"Expectativa de movimenta\u00e7\u00e3o de R$ 235 milh\u00f5es no Dia das Crian\u00e7as de Pernambuco"},"content":{"rendered":"<p>A estimativa de volume de vendas para o Dia das Crian\u00e7as realizada pela Confedera\u00e7\u00e3o Nacional do Com\u00e9rcio de Bens, Servi\u00e7os e Turismo (CNC) recebeu um recorte para Pernambuco feito pela Federa\u00e7\u00e3o do Com\u00e9rcio de Bens, Servi\u00e7os e Turismo do Estado de Pernambuco (Fecom\u00e9rcio-PE). A previs\u00e3o de vendas para o Dia das Crian\u00e7as de 2025 em Pernambuco \u00e9 de R$ 235,41 milh\u00f5es, um crescimento de 2,2% em rela\u00e7\u00e3o a 2024.<\/p>\n<p>Apesar do crescimento projetado para 2025, os \u00faltimos cinco anos revelam uma tend\u00eancia de desacelera\u00e7\u00e3o no aumento do volume de vendas para o Dia das Crian\u00e7as em Pernambuco. Em 2020, o volume de vendas atingiu R$ 278,61 milh\u00f5es, um valor 18,3% superior ao estimado para 2025.<\/p>\n<p>A desacelera\u00e7\u00e3o no volume de vendas em Pernambuco \u00e9 impulsionada por fatores como juros elevados, que restringem o consumo das fam\u00edlias, especialmente em compras parceladas, al\u00e9m do aumento do endividamento e da inadimpl\u00eancia em 2025, que limitam o poder de compra e reduzem a confian\u00e7a no mercado.<\/p>\n<p>Entre os segmentos mais procurados est\u00e3o vestu\u00e1rios e cal\u00e7ados, com volume de vendas de R$ 66,7 milh\u00f5es, seguidos por farm\u00e1cia e perfumaria R$61 milh\u00f5es e eletroeletr\u00f4nicos R$60 milh\u00f5es.<\/p>\n<p>Al\u00e9m dos juros elevados e do aumento da inadimpl\u00eancia, os pre\u00e7os de produtos t\u00edpicos do Dia das Crian\u00e7as registraram alta nos \u00faltimos 12 meses, com videogames, perfumes, vestu\u00e1rios e cal\u00e7ados subindo acima de 3%, o que pressiona o or\u00e7amento das fam\u00edlias e contribui para a desacelera\u00e7\u00e3o do consumo no Dia das Crian\u00e7as em Pernambuco.<\/p>\n<p>Bernardo Peixoto, presidente da Fecom\u00e9rcio-PE destacou como a data comemorativa tem relev\u00e2ncia para o comercio pernambucano. &#8220;O Dia das Crian\u00e7as \u00e9 uma das principais datas do calend\u00e1rio do com\u00e9rcio, com mais influ\u00eancia nos segmentos de roupas e cal\u00e7ados. Mesmo com um cen\u00e1rio de juros altos e avan\u00e7o na inadimpl\u00eancia, o com\u00e9rcio pernambucano monstra resili\u00eancia, mantendo proje\u00e7\u00e3o de crescimento nas vendas nesse ano. A Fecom\u00e9rcio-PE segue acompanhando o comportamento do consumo e refor\u00e7a o compromisso de apoiar os empres\u00e1rios na busca por estrat\u00e9gias que estimulem as vendas e fortale\u00e7am o setor&#8221;, explica.<\/p>\n<p>O economista da Fecom\u00e9rcio-PE, Rafael Lima, comentou os resultados da estimativa: &#8220;A proje\u00e7\u00e3o de R$ 235 milh\u00f5es em vendas representa um breve aumento em rela\u00e7\u00e3o ao ano anterior, mas tamb\u00e9m mostra uma tend\u00eancia de desacelera\u00e7\u00e3o observada nos \u00faltimos anos. Os fatores inadimpl\u00eancia e infla\u00e7\u00e3o influencia principalmente as fam\u00edlias com menor poder de compra nesse per\u00edodo. Apesar disso, setores como vestu\u00e1rio, perfumaria e eletroeletr\u00f4nicos seguem concentrando a maior parte da movimenta\u00e7\u00e3o no Dia das Crian\u00e7as\u201d.<\/p>\n","protected":false},"excerpt":{"rendered":"<p>A estimativa de volume de vendas para o Dia das Crian\u00e7as realizada pela Confedera\u00e7\u00e3o Nacional do Com\u00e9rcio de Bens, Servi\u00e7os e Turismo (CNC) recebeu um recorte para Pernambuco feito pela Federa\u00e7\u00e3o do Com\u00e9rcio de Bens, Servi\u00e7os e Turismo do Estado de Pernambuco (Fecom\u00e9rcio-PE). A previs\u00e3o de vendas para o Dia das Crian\u00e7as de 2025 em<br \/><a href=\"http:\/\/fecomercio-pe.com.br\/site\/expectativa-de-movimentacao-de-r-235-milhoes-no-dia-das-criancas-de-pernambuco\/\" class=\"more\">Read more<\/a><\/p>\n","protected":false},"author":12,"featured_media":11554,"comment_status":"closed","ping_status":"open","sticky":false,"template":"","format":"standard","meta":{"footnotes":""},"categories":[3,4],"tags":[],"_links":{"self":[{"href":"http:\/\/fecomercio-pe.com.br\/site\/wp-json\/wp\/v2\/posts\/11553"}],"collection":[{"href":"http:\/\/fecomercio-pe.com.br\/site\/wp-json\/wp\/v2\/posts"}],"about":[{"href":"http:\/\/fecomercio-pe.com.br\/site\/wp-json\/wp\/v2\/types\/post"}],"author":[{"embeddable":true,"href":"http:\/\/fecomercio-pe.com.br\/site\/wp-json\/wp\/v2\/users\/12"}],"replies":[{"embeddable":true,"href":"http:\/\/fecomercio-pe.com.br\/site\/wp-json\/wp\/v2\/comments?post=11553"}],"version-history":[{"count":1,"href":"http:\/\/fecomercio-pe.com.br\/site\/wp-json\/wp\/v2\/posts\/11553\/revisions"}],"predecessor-version":[{"id":11555,"href":"http:\/\/fecomercio-pe.com.br\/site\/wp-json\/wp\/v2\/posts\/11553\/revisions\/11555"}],"wp:featuredmedia":[{"embeddable":true,"href":"http:\/\/fecomercio-pe.com.br\/site\/wp-json\/wp\/v2\/media\/11554"}],"wp:attachment":[{"href":"http:\/\/fecomercio-pe.com.br\/site\/wp-json\/wp\/v2\/media?parent=11553"}],"wp:term":[{"taxonomy":"category","embeddable":true,"href":"http:\/\/fecomercio-pe.com.br\/site\/wp-json\/wp\/v2\/categories?post=11553"},{"taxonomy":"post_tag","embeddable":true,"href":"http:\/\/fecomercio-pe.com.br\/site\/wp-json\/wp\/v2\/tags?post=11553"}],"curies":[{"name":"wp","href":"https:\/\/api.w.org\/{rel}","templated":true}]}}