{"id":11548,"date":"2025-09-29T18:49:57","date_gmt":"2025-09-29T21:49:57","guid":{"rendered":"https:\/\/fecomercio-pe.com.br\/site\/?p=11548"},"modified":"2025-10-07T14:50:31","modified_gmt":"2025-10-07T17:50:31","slug":"seguranca-e-saude-no-trabalho-fecomercio-pe-discute-impactos-e-oportunidades-da-atualizacao-da-nr1","status":"publish","type":"post","link":"http:\/\/fecomercio-pe.com.br\/site\/seguranca-e-saude-no-trabalho-fecomercio-pe-discute-impactos-e-oportunidades-da-atualizacao-da-nr1\/","title":{"rendered":"Seguran\u00e7a e sa\u00fade no trabalho: Fecom\u00e9rcio-PE discute impactos e oportunidades da atualiza\u00e7\u00e3o da NR1"},"content":{"rendered":"<p><em>Evento Caf\u00e9 Empresarial abordar\u00e1 o assunto e acontece no dia 7 de outubro, no Recife, com foco em sa\u00fade mental, seguran\u00e7a e gest\u00e3o empresarial<\/em><\/p>\n<p>A Federa\u00e7\u00e3o do Com\u00e9rcio de Bens, Servi\u00e7os e Turismo do Estado de Pernambuco (Fecom\u00e9rcio-PE), por meio do Instituto Fecom\u00e9rcio, realiza, no pr\u00f3ximo dia 7, mais uma edi\u00e7\u00e3o do Caf\u00e9 Empresarial, trazendo como tema central a atualiza\u00e7\u00e3o da Norma Regulamentadora n\u00ba 1 (NR1). O encontro, que acontece na sede da Fecom\u00e9rcio-PE, no bairro de Santo Amaro, busca orientar empres\u00e1rios, gestores de recursos humanos e profissionais da sa\u00fade ocupacional sobre as mudan\u00e7as pr\u00e1ticas trazidas pela norma e os efeitos diretos no ambiente corporativo. As vagas s\u00e3o limitadas e as inscri\u00e7\u00f5es j\u00e1 est\u00e3o abertas pelo site <a href=\"http:\/\/www.fecomercio-pe.com.br\">www.fecomercio-pe.com.br<\/a>.<\/p>\n<p>A NR1, que estabelece disposi\u00e7\u00f5es gerais sobre seguran\u00e7a e sa\u00fade no trabalho, passou por atualiza\u00e7\u00f5es que exigem das empresas uma postura mais preventiva e estrat\u00e9gica, especialmente no cuidado com a sa\u00fade mental dos colaboradores. Para o psic\u00f3logo e palestrante do evento, Frederico Porto Vianna, a palestra ser\u00e1 uma oportunidade de traduzir a norma em pr\u00e1ticas aplic\u00e1veis no dia a dia das organiza\u00e7\u00f5es. <em>\u201cA NR1 ser\u00e1 descomplicada para empres\u00e1rios e gestores de RH. Vamos entender o que realmente muda na pr\u00e1tica, o que s\u00e3o riscos psicossociais e quais programas preventivos em sa\u00fade mental podem ser incorporados nas empresas nesse novo cen\u00e1rio. As organiza\u00e7\u00f5es que j\u00e1 come\u00e7arem a olhar para essa normativa estar\u00e3o mais preparadas para lidar com as exig\u00eancias do mercado a partir do pr\u00f3ximo ano\u201d<\/em>, afirma.<\/p>\n<p>Frederico destaca ainda os riscos para quem ignorar as mudan\u00e7as, ressaltando que a fiscaliza\u00e7\u00e3o ser\u00e1 intensificada. <em>\u201cCustar\u00e1 muito mais caro n\u00e3o se adequar. Empresas que n\u00e3o realizarem a avalia\u00e7\u00e3o de riscos psicossociais e n\u00e3o implementarem programas preventivos em sa\u00fade mental poder\u00e3o enfrentar multas e restri\u00e7\u00f5es. Al\u00e9m disso, a aus\u00eancia de uma cultura voltada \u00e0 sa\u00fade emocional afasta talentos. Construir esse ambiente agora \u00e9 estrat\u00e9gico para garantir competitividade no futuro\u201d<\/em>, completa.<\/p>\n<p>Para Ricardo Santos, superintendente do Instituto Fecom\u00e9rcio, a escolha do tema refor\u00e7a o compromisso da institui\u00e7\u00e3o em oferecer conte\u00fados atuais e de impacto para o empresariado pernambucano. <em>\u201cA NR1 traz uma agenda de desafios, mas tamb\u00e9m de oportunidades. Discuti-la de forma pr\u00e1tica, com especialistas, permite que as empresas n\u00e3o apenas evitem riscos legais e financeiros, mas tamb\u00e9m construam ambientes de trabalho mais saud\u00e1veis e produtivos\u201d<\/em>, destaca.<\/p>\n<h3><strong>Servi\u00e7o<\/strong><\/h3>\n<p><strong>Caf\u00e9 Empresarial \u2013 NR1 em foco: O que sua empresa precisa saber agora<br \/>\n<\/strong>Data: 07 de outubro de 2025 (ter\u00e7a-feira)<br \/>\nHor\u00e1rio: 8h30<br \/>\nLocal: Fecom\u00e9rcio-PE \u2013 Av. Visconde de Suassuna, 265, Santo Amaro, Recife \u2013 PE<br \/>\nInvestimento: R$ 59,90 (associados ao Cart\u00e3o do Empres\u00e1rio t\u00eam 20% de desconto)<br \/>\nInscri\u00e7\u00f5es: <a href=\"http:\/\/www.fecomercio-pe.com.br\">www.fecomercio-pe.com.br<br \/>\n<\/a><\/p>\n<p>&nbsp;<\/p>\n","protected":false},"excerpt":{"rendered":"<p>Evento Caf\u00e9 Empresarial abordar\u00e1 o assunto e acontece no dia 7 de outubro, no Recife, com foco em sa\u00fade mental, seguran\u00e7a e gest\u00e3o empresarial A Federa\u00e7\u00e3o do Com\u00e9rcio de Bens, Servi\u00e7os e Turismo do Estado de Pernambuco (Fecom\u00e9rcio-PE), por meio do Instituto Fecom\u00e9rcio, realiza, no pr\u00f3ximo dia 7, mais uma edi\u00e7\u00e3o do Caf\u00e9 Empresarial, trazendo<br \/><a href=\"http:\/\/fecomercio-pe.com.br\/site\/seguranca-e-saude-no-trabalho-fecomercio-pe-discute-impactos-e-oportunidades-da-atualizacao-da-nr1\/\" class=\"more\">Read more<\/a><\/p>\n","protected":false},"author":12,"featured_media":11549,"comment_status":"closed","ping_status":"open","sticky":false,"template":"","format":"standard","meta":{"footnotes":""},"categories":[3,4],"tags":[],"_links":{"self":[{"href":"http:\/\/fecomercio-pe.com.br\/site\/wp-json\/wp\/v2\/posts\/11548"}],"collection":[{"href":"http:\/\/fecomercio-pe.com.br\/site\/wp-json\/wp\/v2\/posts"}],"about":[{"href":"http:\/\/fecomercio-pe.com.br\/site\/wp-json\/wp\/v2\/types\/post"}],"author":[{"embeddable":true,"href":"http:\/\/fecomercio-pe.com.br\/site\/wp-json\/wp\/v2\/users\/12"}],"replies":[{"embeddable":true,"href":"http:\/\/fecomercio-pe.com.br\/site\/wp-json\/wp\/v2\/comments?post=11548"}],"version-history":[{"count":1,"href":"http:\/\/fecomercio-pe.com.br\/site\/wp-json\/wp\/v2\/posts\/11548\/revisions"}],"predecessor-version":[{"id":11550,"href":"http:\/\/fecomercio-pe.com.br\/site\/wp-json\/wp\/v2\/posts\/11548\/revisions\/11550"}],"wp:featuredmedia":[{"embeddable":true,"href":"http:\/\/fecomercio-pe.com.br\/site\/wp-json\/wp\/v2\/media\/11549"}],"wp:attachment":[{"href":"http:\/\/fecomercio-pe.com.br\/site\/wp-json\/wp\/v2\/media?parent=11548"}],"wp:term":[{"taxonomy":"category","embeddable":true,"href":"http:\/\/fecomercio-pe.com.br\/site\/wp-json\/wp\/v2\/categories?post=11548"},{"taxonomy":"post_tag","embeddable":true,"href":"http:\/\/fecomercio-pe.com.br\/site\/wp-json\/wp\/v2\/tags?post=11548"}],"curies":[{"name":"wp","href":"https:\/\/api.w.org\/{rel}","templated":true}]}}