{"id":11541,"date":"2025-10-03T10:31:42","date_gmt":"2025-10-03T13:31:42","guid":{"rendered":"https:\/\/fecomercio-pe.com.br\/site\/?p=11541"},"modified":"2025-10-03T10:32:35","modified_gmt":"2025-10-03T13:32:35","slug":"dia-pan-americano-do-representante-comercial-e-celebrado-com-palestra-de-walter-longo-no-recife","status":"publish","type":"post","link":"http:\/\/fecomercio-pe.com.br\/site\/dia-pan-americano-do-representante-comercial-e-celebrado-com-palestra-de-walter-longo-no-recife\/","title":{"rendered":"Dia Pan-Americano do Representante Comercial \u00e9 celebrado com palestra de Walter Longo no Recife"},"content":{"rendered":"<p>Nesta quarta-feira (1\u00ba de outubro) foi celebrado o Dia Pan-Americano do Representante Comercial. O Conselho Federal dos Representantes Comerciais (Confere) e o Conselho Regional dos Representantes Comerciais no Estado de Pernambuco (Core-PE), com apoio da Federa\u00e7\u00e3o do Com\u00e9rcio de Bens, Servi\u00e7os e Turismo do Estado de Pernambuco (Fecom\u00e9rcio-PE) e do Sindicato dos Representantes Comerciais de Pernambuco (Sircope), promoveram um evento especial em comemora\u00e7\u00e3o \u00e0 data.<\/p>\n<p>A programa\u00e7\u00e3o contou com a palestra do publicit\u00e1rio Walter Longo, refer\u00eancia em inova\u00e7\u00e3o, neg\u00f3cios e transforma\u00e7\u00e3o digital. O encontro aconteceu na sede do Senac Recife e tamb\u00e9m foi transmitido ao vivo.<\/p>\n<p>De acordo com Archimedes Cavalcanti J\u00fanior, presidente do Confere, do Sircope e 3\u00ba vice-presidente da Fecom\u00e9rcio-PE, celebrar a data \u00e9 tamb\u00e9m relembrar os antigos mascates. \u201cEsse \u00e9 um grande momento da representa\u00e7\u00e3o comercial brasileira, um setor econ\u00f4mico da mais alta representatividade da economia nacional, nossos neg\u00f3cios transitam 20% do PIB brasileiro. N\u00f3s hoje, olhando o passado, os antigos mascates, depois os cach\u00earos viajantes e depois os representantes comerciais, com novas atribui\u00e7\u00f5es, conectados, constru\u00edmos pontes entre os partidos\u201d, destacou.<\/p>\n<p>O Dia Pan-Americano do Representante Comercial \u00e9 uma oportunidade de valorizar essa atividade que desempenha papel essencial na economia e na sociedade. Atualmente, o Brasil conta com cerca de 750 mil representantes comerciais, respons\u00e1veis por aproximadamente 30% dos neg\u00f3cios realizados no pa\u00eds.<\/p>\n<p>Para Bernardo Peixoto, presidente da Fecom\u00e9rcio-PE \u201cesse \u00e9 um dia de festa para todos voc\u00eas! Todo empres\u00e1rio que conhece o trabalho do representante sabe da sua import\u00e2ncia. O trabalho do representante comercial \u00e9 fundamental, e suas conquistas ficam marcadas por onde passam\u201d.<\/p>\n<p>Antes da palestra \u201cImpactos da Intelig\u00eancia Artificial nos Neg\u00f3cios de Representa\u00e7\u00e3o Comercial e na Sociedade\u201d, Bernardo Peixoto e Archimedes Cavalcanti entregaram a Walter Longo o Trof\u00e9u Mascate e um certificado de reconhecimento. Criada em 2012 pelo Core-PE, a honraria \u00e9 a mais alta premia\u00e7\u00e3o concedida a autoridades, personalidades p\u00fablicas e empres\u00e1rios que se destacam na representa\u00e7\u00e3o comercial.<\/p>\n<p>\u201c\u00c9 uma grande satisfa\u00e7\u00e3o estar aqui no Dia do Representante Comercial, recebendo essa homenagem. Mas, al\u00e9m disso, \u00e9 especial voltar a Recife, cidade onde passei minha juventude. Estar aqui hoje, falando sobre o impacto da intelig\u00eancia artificial, \u00e9 motivo de muita alegria\u201d, afirmou Walter.<\/p>\n<p>Durante sua palestra, Longo explicou como a intelig\u00eancia artificial est\u00e1 transformando os neg\u00f3cios, desde a personaliza\u00e7\u00e3o do atendimento ao cliente at\u00e9 a otimiza\u00e7\u00e3o das vendas.<\/p>\n<p>\u201cInvestir em tecnologia \u00e9 essencial, mas n\u00e3o \u00e9 suficiente. Precisamos mudar nossa forma de enxergar as coisas, adotar novas tend\u00eancias e revisar paradigmas. Hoje, as empresas n\u00e3o morrem apenas por fazer coisas erradas, mas tamb\u00e9m por insistirem por tempo demais em fazer a coisa certa do mesmo jeito\u201d, ressaltou.<\/p>\n<p><strong>Representa\u00e7\u00e3o Comercial no Brasil<\/strong><\/p>\n<p>Oriunda dos caixeiros viajantes e mascates, a profiss\u00e3o de Representante Comercial \u00e9 uma das mais antigas e vitais para a economia brasileira, sendo, ainda hoje, respons\u00e1vel por aproximadamente 30% de todos os neg\u00f3cios realizados no Brasil.<\/p>\n<p>O Sistema Confere\/Cores, composto pelo Conselho Federal e por 24 Conselhos Regionais, contabiliza aproximadamente 750 mil registros ativos, sendo cerca de 43% de pessoas jur\u00eddicas e 57% de pessoas f\u00edsicas. Apenas em Pernambuco, s\u00e3o mais de 20 mil profissionais.<\/p>\n<p>A representante Josineide Barbosa, da Barona Representa\u00e7\u00f5es, participou do evento e destacou a import\u00e2ncia do encontro. \u201cEsse encontro foi maravilhoso, me sinto feliz em poder participar por mais um ano. A palestra de Walter foi bastante enriquecedora para n\u00f3s. \u00c9 sempre bom aprender coisas novas\u201d, afirmou.<\/p>\n<p>&nbsp;<\/p>\n","protected":false},"excerpt":{"rendered":"<p>Nesta quarta-feira (1\u00ba de outubro) foi celebrado o Dia Pan-Americano do Representante Comercial. O Conselho Federal dos Representantes Comerciais (Confere) e o Conselho Regional dos Representantes Comerciais no Estado de Pernambuco (Core-PE), com apoio da Federa\u00e7\u00e3o do Com\u00e9rcio de Bens, Servi\u00e7os e Turismo do Estado de Pernambuco (Fecom\u00e9rcio-PE) e do Sindicato dos Representantes Comerciais de<br \/><a href=\"http:\/\/fecomercio-pe.com.br\/site\/dia-pan-americano-do-representante-comercial-e-celebrado-com-palestra-de-walter-longo-no-recife\/\" class=\"more\">Read more<\/a><\/p>\n","protected":false},"author":12,"featured_media":11542,"comment_status":"closed","ping_status":"open","sticky":false,"template":"","format":"standard","meta":{"footnotes":""},"categories":[3,4],"tags":[],"_links":{"self":[{"href":"http:\/\/fecomercio-pe.com.br\/site\/wp-json\/wp\/v2\/posts\/11541"}],"collection":[{"href":"http:\/\/fecomercio-pe.com.br\/site\/wp-json\/wp\/v2\/posts"}],"about":[{"href":"http:\/\/fecomercio-pe.com.br\/site\/wp-json\/wp\/v2\/types\/post"}],"author":[{"embeddable":true,"href":"http:\/\/fecomercio-pe.com.br\/site\/wp-json\/wp\/v2\/users\/12"}],"replies":[{"embeddable":true,"href":"http:\/\/fecomercio-pe.com.br\/site\/wp-json\/wp\/v2\/comments?post=11541"}],"version-history":[{"count":1,"href":"http:\/\/fecomercio-pe.com.br\/site\/wp-json\/wp\/v2\/posts\/11541\/revisions"}],"predecessor-version":[{"id":11543,"href":"http:\/\/fecomercio-pe.com.br\/site\/wp-json\/wp\/v2\/posts\/11541\/revisions\/11543"}],"wp:featuredmedia":[{"embeddable":true,"href":"http:\/\/fecomercio-pe.com.br\/site\/wp-json\/wp\/v2\/media\/11542"}],"wp:attachment":[{"href":"http:\/\/fecomercio-pe.com.br\/site\/wp-json\/wp\/v2\/media?parent=11541"}],"wp:term":[{"taxonomy":"category","embeddable":true,"href":"http:\/\/fecomercio-pe.com.br\/site\/wp-json\/wp\/v2\/categories?post=11541"},{"taxonomy":"post_tag","embeddable":true,"href":"http:\/\/fecomercio-pe.com.br\/site\/wp-json\/wp\/v2\/tags?post=11541"}],"curies":[{"name":"wp","href":"https:\/\/api.w.org\/{rel}","templated":true}]}}