{"id":11527,"date":"2025-09-30T13:01:05","date_gmt":"2025-09-30T16:01:05","guid":{"rendered":"https:\/\/fecomercio-pe.com.br\/site\/?p=11527"},"modified":"2025-09-30T13:01:22","modified_gmt":"2025-09-30T16:01:22","slug":"com-apoio-da-fecomercio-pe-confere-e-core-pe-celebram-dia-do-representante-comercial","status":"publish","type":"post","link":"http:\/\/fecomercio-pe.com.br\/site\/com-apoio-da-fecomercio-pe-confere-e-core-pe-celebram-dia-do-representante-comercial\/","title":{"rendered":"Com apoio da Fecom\u00e9rcio-PE, Confere e Core-PE celebram Dia do Representante Comercial"},"content":{"rendered":"<p><em>Uma das profiss\u00f5es mais antigas do Brasil, oriunda dos caixeiros viajantes e mascates, os representantes comerciais correspondem hoje a cerca de 750 mil profissionais no Brasil, sendo mais de 20 mil s\u00f3 em Pernambuco<\/em><\/p>\n<p>Para celebrar o Dia Pan-Americano do Representante Comercial, comemorado no pr\u00f3ximo dia 1\u00b0 de outubro, o Conselho Federal dos Representantes Comerciais \u2013 Confere e o Conselho Regional dos Representantes Comerciais no Estado de Pernambuco &#8211; Core- PE v\u00e3o realizar uma palestra com o renomado publicit\u00e1rio Walter Longo, refer\u00eancia em inova\u00e7\u00e3o, neg\u00f3cios e transforma\u00e7\u00e3o digital. Walter \u00e9 ex-presidente do Grupo Abril e foi mentor de estrat\u00e9gia e inova\u00e7\u00e3o do Grupo Newcomm. O evento, que conta com o apoio do Sircope e da Fecom\u00e9rcio-PE, ser\u00e1 realizado na sede do Senac, no Recife, a partir das 19h, com transmiss\u00e3o ao vivo para todo o Brasil.<\/p>\n<p>De acordo com o presidente do Confere, Archimedes Cavalcanti J\u00fanior, o Dia Pan-Americano do Representante Comercial \u00e9 uma oportunidade de reconhecer a import\u00e2ncia desta profiss\u00e3o para a economia e para a sociedade. Atualmente, existem cerca de 750 mil representantes comerciais no Brasil, e, juntos, s\u00e3o respons\u00e1veis por aproximadamente 30% de todos os neg\u00f3cios realizados no Pa\u00eds.<\/p>\n<p>\u201cOs representantes comerciais s\u00e3o a ponte que conecta empresas e consumidores, movimentando neg\u00f3cios em todas as regi\u00f5es do pa\u00eds\u201d, enfatizou o diretor-presidente do Confere, Archimedes Cavalcanti J\u00fanior.<\/p>\n<p>Sob o tema \u201cImpactos da Intelig\u00eancia Artificial nos Neg\u00f3cios de Representa\u00e7\u00e3o Comercial e na Sociedade&#8221;, Walter ir\u00e1 discutir como a intelig\u00eancia artificial est\u00e1 transformando os neg\u00f3cios, abrangendo desde a personaliza\u00e7\u00e3o no atendimento ao cliente at\u00e9 a otimiza\u00e7\u00e3o da efici\u00eancia nas vendas. \u201cNa celebra\u00e7\u00e3o deste ano, escolhemos refletir sobre os impactos da Intelig\u00eancia Artificial justamente porque entendemos que a inova\u00e7\u00e3o tecnol\u00f3gica j\u00e1 faz parte do dia a dia da categoria e deve ser incorporada de forma estrat\u00e9gica, \u00e9tica e respons\u00e1vel. O Confere tem o compromisso de apoiar os representantes comerciais nesse processo de transforma\u00e7\u00e3o, fortalecendo o Sistema Confere\/Cores e assegurando as condi\u00e7\u00f5es para que a atividade continue sendo essencial no desenvolvimento econ\u00f4mico do Brasil\u201d, conclui Archimedes.<\/p>\n<p>Para acompanhar a palestra virtualmente, acesse:<\/p>\n<p><a href=\"https:\/\/www.youtube.com\/@conselhofederaldosrc\">https:\/\/www.youtube.com\/@conselhofederaldosrc<\/a>.<\/p>\n<p>&nbsp;<\/p>\n<p><strong>Representa\u00e7\u00e3o Comercial no Brasil<\/strong><\/p>\n<p>Oriunda dos caixeiros viajantes e mascates, a profiss\u00e3o de Representante Comercial \u00e9 uma das mais antigas e vitais para a economia brasileira, sendo, ainda hoje, respons\u00e1vel por aproximadamente 30% de todos os neg\u00f3cios realizados no Brasil.<\/p>\n<p>O Sistema Confere\/Cores, composto pelo Conselho Federal e por 24 Conselhos Regionais, contabiliza aproximadamente 750 mil registros ativos, sendo cerca de 43% de pessoas jur\u00eddicas e 57% de pessoas f\u00edsicas. Apenas em Pernambuco, s\u00e3o mais de 20<\/p>\n<p>mil profissionais.<\/p>\n<p>&nbsp;<\/p>\n<p>Sobre Walter Longo<\/p>\n<p>Publicit\u00e1rio e Administrador de Empresas, com MBA na Universidade da Calif\u00f3rnia, Walter Longo \u00e9 empreendedor digital, palestrante internacional e s\u00f3cio-diretor da Unimark Comunica\u00e7\u00e3o. Ele possui uma longa trajet\u00f3ria de lideran\u00e7a, tendo sido presidente do Grupo Abril e mentor de estrat\u00e9gia e inova\u00e7\u00e3o do Grupo Newcomm \u2013 uma das principais holdings de comunica\u00e7\u00e3o do Grupo WPP. Com uma carreira marcada por cargos de destaque, Walter ficou conhecido por ser um dos conselheiros de Roberto Justus no programa O Aprendiz, da RecordTV. Walter, atuou como diretor regional para a Am\u00e9rica Latina do Grupo Young &amp; Rubicam, al\u00e9m de ter presidido organiza\u00e7\u00f5es como Grey Advertising, Wunderman Worldwide, TVA, MTV e o Grupo Newcomm Bates. Fundador da primeira ag\u00eancia de Branded Content da Am\u00e9rica Latina, a Synapsys Marketing e M\u00eddia, Walter Longo \u00e9 refer\u00eancia em temas de inova\u00e7\u00e3o, tecnologia e transforma\u00e7\u00e3o digital.<\/p>\n<p><strong>Servi\u00e7o<\/strong><\/p>\n<p>Dia Pan-Americano do Representante Comercial<\/p>\n<p>Data: 1\u00b0 de Outubro de 2025<\/p>\n<p>Local: Audit\u00f3rio do Senac &#8211; Av. Visc. de Suassuna, 500 \u2013 Recife &#8211; PE<\/p>\n<p>Acompanhe on-line: https:\/\/www.youtube.com\/@conselhofederaldosrc<\/p>\n","protected":false},"excerpt":{"rendered":"<p>Uma das profiss\u00f5es mais antigas do Brasil, oriunda dos caixeiros viajantes e mascates, os representantes comerciais correspondem hoje a cerca de 750 mil profissionais no Brasil, sendo mais de 20 mil s\u00f3 em Pernambuco Para celebrar o Dia Pan-Americano do Representante Comercial, comemorado no pr\u00f3ximo dia 1\u00b0 de outubro, o Conselho Federal dos Representantes Comerciais<br \/><a href=\"http:\/\/fecomercio-pe.com.br\/site\/com-apoio-da-fecomercio-pe-confere-e-core-pe-celebram-dia-do-representante-comercial\/\" class=\"more\">Read more<\/a><\/p>\n","protected":false},"author":12,"featured_media":11528,"comment_status":"closed","ping_status":"open","sticky":false,"template":"","format":"standard","meta":{"footnotes":""},"categories":[3],"tags":[],"_links":{"self":[{"href":"http:\/\/fecomercio-pe.com.br\/site\/wp-json\/wp\/v2\/posts\/11527"}],"collection":[{"href":"http:\/\/fecomercio-pe.com.br\/site\/wp-json\/wp\/v2\/posts"}],"about":[{"href":"http:\/\/fecomercio-pe.com.br\/site\/wp-json\/wp\/v2\/types\/post"}],"author":[{"embeddable":true,"href":"http:\/\/fecomercio-pe.com.br\/site\/wp-json\/wp\/v2\/users\/12"}],"replies":[{"embeddable":true,"href":"http:\/\/fecomercio-pe.com.br\/site\/wp-json\/wp\/v2\/comments?post=11527"}],"version-history":[{"count":1,"href":"http:\/\/fecomercio-pe.com.br\/site\/wp-json\/wp\/v2\/posts\/11527\/revisions"}],"predecessor-version":[{"id":11529,"href":"http:\/\/fecomercio-pe.com.br\/site\/wp-json\/wp\/v2\/posts\/11527\/revisions\/11529"}],"wp:featuredmedia":[{"embeddable":true,"href":"http:\/\/fecomercio-pe.com.br\/site\/wp-json\/wp\/v2\/media\/11528"}],"wp:attachment":[{"href":"http:\/\/fecomercio-pe.com.br\/site\/wp-json\/wp\/v2\/media?parent=11527"}],"wp:term":[{"taxonomy":"category","embeddable":true,"href":"http:\/\/fecomercio-pe.com.br\/site\/wp-json\/wp\/v2\/categories?post=11527"},{"taxonomy":"post_tag","embeddable":true,"href":"http:\/\/fecomercio-pe.com.br\/site\/wp-json\/wp\/v2\/tags?post=11527"}],"curies":[{"name":"wp","href":"https:\/\/api.w.org\/{rel}","templated":true}]}}