{"id":11087,"date":"2025-04-04T16:17:45","date_gmt":"2025-04-04T19:17:45","guid":{"rendered":"https:\/\/fecomercio-pe.com.br\/site\/?p=11087"},"modified":"2025-04-07T11:31:19","modified_gmt":"2025-04-07T14:31:19","slug":"fecomercio-pernambuco-lanca-estudo-inedito-sobre-perspectivas-e-oportunidades-economicas-para-paulista-e-regiao","status":"publish","type":"post","link":"http:\/\/fecomercio-pe.com.br\/site\/fecomercio-pernambuco-lanca-estudo-inedito-sobre-perspectivas-e-oportunidades-economicas-para-paulista-e-regiao\/","title":{"rendered":"Fecom\u00e9rcio Pernambuco lan\u00e7a estudo in\u00e9dito sobre perspectivas e oportunidades econ\u00f4micas para Paulista e regi\u00e3o"},"content":{"rendered":"<p><strong>\u00a0<\/strong><\/p>\n<p>O Sistema Fecom\u00e9rcio\/Sesc\/Senac Pernambuco atrav\u00e9s do Instituto Fecom\u00e9rcio-PE lan\u00e7ou, nesta ter\u00e7a-feira (1), no Senac Paulista, durante F\u00f3rum de Debates, o estudo in\u00e9dito \u201cPerspectivas e Oportunidades Econ\u00f4micas para Paulista, Abreu e Lima, Igarassu, Itapissuma e Ilha de Itamarac\u00e1\u201d, elaborado pela Consultoria Econ\u00f4mica e Planejamento (Ceplan).\u00a0O material foi apresentado no F\u00f3rum de Debates Paulista, realizado no Senac Paulista, com a presen\u00e7a da economista Tania Bacelar e do economista Admilson Saraiva.<\/p>\n<p>Elaborado pela Consultoria Econ\u00f4mica e Planejamento (CEPLAN), o levantamento analisou aspectos econ\u00f4micos, demogr\u00e1ficos, sociais e de infraestrutura dos munic\u00edpios e seus entornos, propondo estrat\u00e9gias para fomentar o crescimento sustent\u00e1vel e atrair investimentos. O evento contou com a parceria do Sebrae Pernambuco e o apoio do Senac-PE, do Sindnorte e das prefeituras do Paulista, Abreu e Lima, Igarassu, Itapissuma e Ilha de Itamarac\u00e1.<\/p>\n<p>De acordo com Bernardo Peixoto, presidente do Sistema Fecom\u00e9rcio\/Sesc\/Senac PE, o estudo \u00e9 um presente para essas cidades pois a partir dele empresas privadas e os governos municipais podem tra\u00e7ar diretrizes. \u201cJ\u00e1 desenvolvemos esse tipo de material com a Ceplan em diversas cidades do estado. Desta vez, contemplamos cinco cidades do litoral norte. Com essa pesquisa podemos entender mais a fundo as potencialidades e dificuldades da regi\u00e3o\u201d, apontou Peixoto.<\/p>\n<p>O estudo examina a infraestruturada regi\u00e3o, a oferta de servi\u00e7os de Sa\u00fade e Educa\u00e7\u00e3o, e as condi\u00e7\u00f5es de mobilidade urbana. Com foco na integra\u00e7\u00e3o entre o setor p\u00fablico e privado, a pesquisa prop\u00f5e a\u00e7\u00f5es estrat\u00e9gicas para superar desafios como a informalidade em setores tradicionais, como o t\u00eaxtil, e incentivar a instala\u00e7\u00e3o de novos polos industriais especializados em alimentos, bebidas e produtos qu\u00edmicos.<\/p>\n<p>\u201cA Fecom\u00e9rcio-PE e o Sindnorte, com apoio Sebrae, vamos utilizar os dados apresentados no estudo para desenvolver essa regi\u00e3o\u201d, afirma o segundo vice-presidente da Fecom\u00e9rcio-PE e presidente do Sindnorte, Milton Tavares.<\/p>\n<p>De acordo com o Superintendente do Instituto Fecom\u00e9rcio-PE, Ricardo Santos, esse estudo refor\u00e7a o compromisso da organiza\u00e7\u00e3o em produzir conhecimento estrat\u00e9gico para o desenvolvimento regional. \u201cAo revelar as potencialidades e os desafios dos munic\u00edpios do Litoral Norte, oferecemos uma base s\u00f3lida para que o poder p\u00fablico e a iniciativa privada atuem de forma integrada e eficaz na promo\u00e7\u00e3o do crescimento sustent\u00e1vel e na gera\u00e7\u00e3o de oportunidades\u201d, destaca.<\/p>\n<p>A partir das an\u00e1lises, o estudo sugere diretrizes para transformar Paulista em um centro urbano aut\u00f4nomo dentro da RMR. Al\u00e9m de Paulista, a pesquisa abrange outras cidades da Regi\u00e3o Metropolitana do Recife, como Igarassu, Itapissuma, Abreu e Lima, e Ilha de Itamarac\u00e1, que desempenham pap\u00e9is estrat\u00e9gicos no cen\u00e1rio regional. Igarassu, por exemplo, destaca-se pela combina\u00e7\u00e3o de patrim\u00f4nio hist\u00f3rico e industrializa\u00e7\u00e3o, com um dos principais distritos industriais da RMR e um crescente setor de tecnologia. J\u00e1 Itapissuma se consolida como um polo relevante para a ind\u00fastria pesqueira, com destaque para a produ\u00e7\u00e3o de frutos do mar e turismo gastron\u00f4mico. Abreu e Lima, por sua vez, se firma como centro log\u00edstico e comercial, beneficiado pela proximidade com a BR-101 e investimentos em infraestrutura. A Ilha de Itamarac\u00e1, com suas belezas naturais e tradi\u00e7\u00e3o pesqueira, se afirma como um destino tur\u00edstico crescente, com forte potencial para o ecoturismo e desenvolvimento sustent\u00e1vel. A integra\u00e7\u00e3o e o crescimento dessas \u00e1reas ampliam as oportunidades econ\u00f4micas e fortalecem a economia da RMR.<\/p>\n<p>\u201cNosso estudo tem informa\u00e7\u00f5es que nos surpreenderam e n\u00f3s conhecemos bem a regi\u00e3o, mesmo assim alguns dados foram surpreendentes. A Ceplan agradece a confian\u00e7a da Fecom\u00e9rcio e do Sebrae em nosso trabalho\u201d, destacou a economista da Ceplan, T\u00e2nia Bacelar.<\/p>\n<p>O lan\u00e7amento contou com a participa\u00e7\u00e3o de representantes de algumas cidades contempladas pelo estudo. Abreu e Lima foi representada pelo secret\u00e1rio de lazer, esporte e turismo do munic\u00edpio, Fl\u00e1vio Filho. A prefeita de Igarassu, Elcione Ramos e o prefeito da Ilha de Itamarac\u00e1, Paulo Galv\u00e3o tamb\u00e9m marcaram presen\u00e7a no evento.<\/p>\n<p>\u201cN\u00e3o existe desenvolvimento se todos n\u00e3o se juntarem. Eu agrade\u00e7o e parabenizo a todos os envolvidos nesse evento. Sa\u00edmos daqui com muita coisa boa para fazer acontecer\u201d, afirma a prefeita de Igarassu, Elcione Ramos.<\/p>\n<p>A presidente da Inst\u00e2ncia Gerencia Regional Costa N\u00e1utica Coroa do Avi\u00e3o, Annelijn Hoek, acompanhou o lan\u00e7amento e destacou como um estudo como esse era necess\u00e1rio para a atua\u00e7\u00e3o do seu grupo. \u201cEventos como esses s\u00e3o muito importantes para mostrar ao p\u00fablico e ao privado que \u00e9 necess\u00e1rio a gente se unir. Precisa unir for\u00e7as para conseguir que essa regi\u00e3o litoral norte, porque n\u00e3o s\u00e3o s\u00f3 os munic\u00edpios, n\u00f3s estamos falando de uma regi\u00e3o, cada munic\u00edpio tem sua particularidade, cada munic\u00edpio tem o que d\u00e1 de melhor\u201d, relata.<\/p>\n<p><strong>Instituto Fecom\u00e9rcio-PE realiza F\u00f3rum de Debates em Garanhuns <\/strong><\/p>\n<p>O pr\u00f3ximo F\u00f3rum de debates promovido pelo Instituto Fecom\u00e9rcio-PE ser\u00e1 realizado em Garanhuns no agreste do estado, no pr\u00f3ximo dia 29, Audit\u00f3rio Jo\u00e3o de Barros e Silva \u2013 Centro Cultural Sesc Garanhuns. O evento acontece das 18h \u00e0s 22h e abordar\u00e1 a tem\u00e1tica &#8220;<em>Tend\u00eancias do Varejo para Empres\u00e1rios&#8221;.<\/em><\/p>\n","protected":false},"excerpt":{"rendered":"<p>\u00a0 O Sistema Fecom\u00e9rcio\/Sesc\/Senac Pernambuco atrav\u00e9s do Instituto Fecom\u00e9rcio-PE lan\u00e7ou, nesta ter\u00e7a-feira (1), no Senac Paulista, durante F\u00f3rum de Debates, o estudo in\u00e9dito \u201cPerspectivas e Oportunidades Econ\u00f4micas para Paulista, Abreu e Lima, Igarassu, Itapissuma e Ilha de Itamarac\u00e1\u201d, elaborado pela Consultoria Econ\u00f4mica e Planejamento (Ceplan).\u00a0O material foi apresentado no F\u00f3rum de Debates Paulista, realizado no<br \/><a href=\"http:\/\/fecomercio-pe.com.br\/site\/fecomercio-pernambuco-lanca-estudo-inedito-sobre-perspectivas-e-oportunidades-economicas-para-paulista-e-regiao\/\" class=\"more\">Read more<\/a><\/p>\n","protected":false},"author":12,"featured_media":11088,"comment_status":"closed","ping_status":"open","sticky":false,"template":"","format":"standard","meta":{"footnotes":""},"categories":[3,4],"tags":[],"_links":{"self":[{"href":"http:\/\/fecomercio-pe.com.br\/site\/wp-json\/wp\/v2\/posts\/11087"}],"collection":[{"href":"http:\/\/fecomercio-pe.com.br\/site\/wp-json\/wp\/v2\/posts"}],"about":[{"href":"http:\/\/fecomercio-pe.com.br\/site\/wp-json\/wp\/v2\/types\/post"}],"author":[{"embeddable":true,"href":"http:\/\/fecomercio-pe.com.br\/site\/wp-json\/wp\/v2\/users\/12"}],"replies":[{"embeddable":true,"href":"http:\/\/fecomercio-pe.com.br\/site\/wp-json\/wp\/v2\/comments?post=11087"}],"version-history":[{"count":1,"href":"http:\/\/fecomercio-pe.com.br\/site\/wp-json\/wp\/v2\/posts\/11087\/revisions"}],"predecessor-version":[{"id":11089,"href":"http:\/\/fecomercio-pe.com.br\/site\/wp-json\/wp\/v2\/posts\/11087\/revisions\/11089"}],"wp:featuredmedia":[{"embeddable":true,"href":"http:\/\/fecomercio-pe.com.br\/site\/wp-json\/wp\/v2\/media\/11088"}],"wp:attachment":[{"href":"http:\/\/fecomercio-pe.com.br\/site\/wp-json\/wp\/v2\/media?parent=11087"}],"wp:term":[{"taxonomy":"category","embeddable":true,"href":"http:\/\/fecomercio-pe.com.br\/site\/wp-json\/wp\/v2\/categories?post=11087"},{"taxonomy":"post_tag","embeddable":true,"href":"http:\/\/fecomercio-pe.com.br\/site\/wp-json\/wp\/v2\/tags?post=11087"}],"curies":[{"name":"wp","href":"https:\/\/api.w.org\/{rel}","templated":true}]}}