{"id":10449,"date":"2024-07-24T14:26:36","date_gmt":"2024-07-24T17:26:36","guid":{"rendered":"https:\/\/fecomercio-pe.com.br\/site\/?p=10449"},"modified":"2024-07-24T14:26:46","modified_gmt":"2024-07-24T17:26:46","slug":"varejo-pernambucano-espera-crescimento-de-143-nas-vendas-para-o-dia-dos-pais","status":"publish","type":"post","link":"http:\/\/fecomercio-pe.com.br\/site\/varejo-pernambucano-espera-crescimento-de-143-nas-vendas-para-o-dia-dos-pais\/","title":{"rendered":"Varejo pernambucano espera crescimento de 14,3% nas vendas para o Dia dos Pais"},"content":{"rendered":"<p style=\"font-weight: 400;\"><em>Segundo estimativas da CNC, o feriado deve movimentar 187 milh\u00f5es s\u00f3 no Estado<\/em><\/p>\n<p style=\"font-weight: 400;\">Em Pernambuco, 70% dos consumidores pretendem comemorar o Dia dos Pais em 2024. \u00c9 o que mostra a pesquisa realizada pela Federa\u00e7\u00e3o do Com\u00e9rcio de Bens, Servi\u00e7os e Turismo do Estado de Pernambuco (Fecom\u00e9rcio-PE), em parceria com a CEPLAN sobre as expectativas e inten\u00e7\u00f5es de compra para a data. Desses, 40,3% pretendem comprar presentes, 30,4% dever\u00e3o comemorar em casa, 17,8% visitar\u00e3o restaurantes ou lanchonetes e 11,3% pretendem fazer viagem ou passeio.<\/p>\n<p style=\"font-weight: 400;\">Quanto aos itens mais procurados, roupas e acess\u00f3rios, representando 40,3% das inten\u00e7\u00f5es de compra, seguidos por cal\u00e7ados, com 23,8%, e perfumes e cosm\u00e9ticos, com 19,6%. Al\u00e9m disso, a m\u00e9dia de gasto estimada pelos consumidores \u00e9 de R$ 164,00 por presente, um aumento de 6,3% em compara\u00e7\u00e3o a 2023.<\/p>\n<p style=\"font-weight: 400;\">O levantamento tamb\u00e9m apontou que 50,8% das compras ser\u00e3o realizadas em lojas de com\u00e9rcio tradicional, enquanto 40,5% optar\u00e3o por compras em shopping centers. Outro dado relevante \u00e9 que 46,1% dos entrevistados pretendem utilizar o cart\u00e3o de cr\u00e9dito como principal forma de pagamento, seguido por 50,6% que optar\u00e3o pelo pagamento \u00e0 vista em dinheiro ou PIX.<\/p>\n<p style=\"font-weight: 400;\">A pesquisa tamb\u00e9m destacou que 58,4% dos consumidores planejam realizar suas compras na mesma semana do Dia dos Pais, enquanto 20,3% pretendem fazer as compras at\u00e9 duas semanas antes da data comemorativa. Esses resultados mostram a import\u00e2ncia das campanhas de marketing e promo\u00e7\u00f5es nas semanas que antecedem a data para atrair os consumidores que deixam para comprar seus presentes de \u00faltima hora.<\/p>\n<p style=\"font-weight: 400;\">A sondagem com os estabelecimentos do com\u00e9rcio varejista e dos servi\u00e7os de alimenta\u00e7\u00e3o revelou este ano uma inten\u00e7\u00e3o maior de contrata\u00e7\u00e3o de colaboradores tempor\u00e1rios para apoiar com as vendas referentes ao per\u00edodo do Dia dos Pais, sendo a inten\u00e7\u00e3o mais predominante nos servi\u00e7os de alimenta\u00e7\u00e3o, onde 27,1% afirmaram a inten\u00e7\u00e3o de contratar colaboradores tempor\u00e1rios.<\/p>\n<p style=\"font-weight: 400;\">No com\u00e9rcio, a estimativa \u00e9 de um crescimento de 14,3% no volume de vendas, chegando a 15,9% entre os estabelecimentos dos shopping centers; por sua vez, nos servi\u00e7os de alimenta\u00e7\u00e3o espera-se uma varia\u00e7\u00e3o de 16,0% no volume de vendas em rela\u00e7\u00e3o ao mesmo per\u00edodo do ano passado.<\/p>\n<p style=\"font-weight: 400;\">\u201cOs dados s\u00e3o positivos e demonstram otimismo para essa data comemorativa. O aumento nas inten\u00e7\u00f5es de compra e no valor m\u00e9dio gasto por presente indica uma recupera\u00e7\u00e3o econ\u00f4mica gradual e a confian\u00e7a dos consumidores no com\u00e9rcio local. As expectativas para o Dia dos Pais de 2024 s\u00e3o promissoras e acreditamos que o setor de com\u00e9rcio e servi\u00e7os de Pernambuco ter\u00e1 um desempenho ainda melhor nesta data comemorativa. A Fecom\u00e9rcio-PE acredita que esses indicadores s\u00e3o um reflexo das boas estrat\u00e9gias adotadas pelos comerciantes para atrair os consumidores, como descontos especiais, facilidades de pagamento e um atendimento de qualidade\u201d, comentou Bernardo Peixoto,\u00a0presidente do Sistema Fecom\u00e9rcio\/Sesc\/Senac PE.<\/p>\n<p style=\"font-weight: 400;\"><strong>Impulso no varejo \u00a0\u2014\u00a0<\/strong>\u00a0Quanto ao volume de vendas, a Confedera\u00e7\u00e3o Nacional do Com\u00e9rcio divulgou a expectativa de que o Dia dos Pais movimente 187 milh\u00f5es de reais em Pernambuco. Ao contr\u00e1rio de 2021 e 2022, quando a cesta de bens e servi\u00e7os relacionados a essa data acumulou varia\u00e7\u00f5es de +8,0% e +8,4%, respectivamente, em 2023, o \u00edndice de refer\u00eancia do n\u00edvel geral de pre\u00e7os acusou desacelera\u00e7\u00e3o (+5,3%) \u2013 tend\u00eancia que deve ser observada novamente em 2024, na medida em que a CNC projeta varia\u00e7\u00e3o de +2,9%.<\/p>\n<p style=\"font-weight: 400;\">O presidente do Sistema CNC-Sesc-Senac, Jos\u00e9 Roberto Tadros, destaca a import\u00e2ncia dessa data para o com\u00e9rcio. \u201cCom a taxa de desemprego no menor patamar dos \u00faltimos 10 anos e sinais positivos para o consumo, esperamos que as vendas para esta data comemorativa aumentem significativamente\u201d, afirmou.<\/p>\n","protected":false},"excerpt":{"rendered":"<p>Segundo estimativas da CNC, o feriado deve movimentar 187 milh\u00f5es s\u00f3 no Estado Em Pernambuco, 70% dos consumidores pretendem comemorar o Dia dos Pais em 2024. \u00c9 o que mostra a pesquisa realizada pela Federa\u00e7\u00e3o do Com\u00e9rcio de Bens, Servi\u00e7os e Turismo do Estado de Pernambuco (Fecom\u00e9rcio-PE), em parceria com a CEPLAN sobre as expectativas<br \/><a href=\"http:\/\/fecomercio-pe.com.br\/site\/varejo-pernambucano-espera-crescimento-de-143-nas-vendas-para-o-dia-dos-pais\/\" class=\"more\">Read more<\/a><\/p>\n","protected":false},"author":12,"featured_media":10451,"comment_status":"closed","ping_status":"open","sticky":false,"template":"","format":"standard","meta":{"footnotes":""},"categories":[3,4,1],"tags":[],"_links":{"self":[{"href":"http:\/\/fecomercio-pe.com.br\/site\/wp-json\/wp\/v2\/posts\/10449"}],"collection":[{"href":"http:\/\/fecomercio-pe.com.br\/site\/wp-json\/wp\/v2\/posts"}],"about":[{"href":"http:\/\/fecomercio-pe.com.br\/site\/wp-json\/wp\/v2\/types\/post"}],"author":[{"embeddable":true,"href":"http:\/\/fecomercio-pe.com.br\/site\/wp-json\/wp\/v2\/users\/12"}],"replies":[{"embeddable":true,"href":"http:\/\/fecomercio-pe.com.br\/site\/wp-json\/wp\/v2\/comments?post=10449"}],"version-history":[{"count":1,"href":"http:\/\/fecomercio-pe.com.br\/site\/wp-json\/wp\/v2\/posts\/10449\/revisions"}],"predecessor-version":[{"id":10450,"href":"http:\/\/fecomercio-pe.com.br\/site\/wp-json\/wp\/v2\/posts\/10449\/revisions\/10450"}],"wp:featuredmedia":[{"embeddable":true,"href":"http:\/\/fecomercio-pe.com.br\/site\/wp-json\/wp\/v2\/media\/10451"}],"wp:attachment":[{"href":"http:\/\/fecomercio-pe.com.br\/site\/wp-json\/wp\/v2\/media?parent=10449"}],"wp:term":[{"taxonomy":"category","embeddable":true,"href":"http:\/\/fecomercio-pe.com.br\/site\/wp-json\/wp\/v2\/categories?post=10449"},{"taxonomy":"post_tag","embeddable":true,"href":"http:\/\/fecomercio-pe.com.br\/site\/wp-json\/wp\/v2\/tags?post=10449"}],"curies":[{"name":"wp","href":"https:\/\/api.w.org\/{rel}","templated":true}]}}