{"id":10390,"date":"2024-07-09T17:05:23","date_gmt":"2024-07-09T20:05:23","guid":{"rendered":"https:\/\/fecomercio-pe.com.br\/site\/?p=10390"},"modified":"2024-07-09T17:08:19","modified_gmt":"2024-07-09T20:08:19","slug":"papo-podcast-aborda-a-tecnica-do-eneagrama-como-ferramenta-para-um-trabalho-feliz","status":"publish","type":"post","link":"http:\/\/fecomercio-pe.com.br\/site\/papo-podcast-aborda-a-tecnica-do-eneagrama-como-ferramenta-para-um-trabalho-feliz\/","title":{"rendered":"Papo Podcast aborda a t\u00e9cnica do eneagrama como ferramenta para um trabalho feliz"},"content":{"rendered":"<p>Nesta ter\u00e7a-feira (9), a Fecom\u00e9rcio-PE realizou uma nova edi\u00e7\u00e3o do Papo Podcast. Com a tem\u00e1tica \u201cComo pessoas felizes produzem mais?\u201d, o encontro transmitiu aos empres\u00e1rios t\u00e9cnicas para tornar o trabalho mais produtivo. Os consultores Carolina C\u00e2mara, Waleska Barbosa e Romero de Deus apresentaram cases de sucesso e deram dicas de como utilizar o eneagrama como ferramenta de crescimento e felicidade profissional.<\/p>\n<p>O encontro foi apresentado pelo gestor do Cart\u00e3o do Empres\u00e1rio, T\u00e1ssio Santana, e transmitido atrav\u00e9s do canal no Youtube da F\u00e9comercio-PE.<\/p>\n<p>\u201cO eneagrama \u00e9 uma ferramenta que tem a capacidade de trabalhar as esferas e todos os aspectos. Quando eu me conhe\u00e7o, quando eu me identifico, que \u00e9 a linguagem do eneagrama, a partir do processo de identifica\u00e7\u00e3o, eu vou reconhecer que eu tenho muitos pontos positivos\u201d, afirmou Waleska Barbosa, durante o podcast.<\/p>\n<p>O Eneagrama \u00e9 uma ferramenta de autoconhecimento que ajuda pessoas a se compreender melhor, tanto personalidade como habilidades.<\/p>\n<p>\u201cEu vejo que uma das ferramentas que ajuda muito um empres\u00e1rio \u00e9 ter uma vis\u00e3o. Uma vis\u00e3o de onde ele quer chegar. O Eneagrama me ajuda nisso todos os dias. Porque eu digo que nunca termina. Todo dia precisamos exercer o Eneagrama. Ou seja, limpar as nossas vistas para ter coragem\u201d, destacou Romero de Deus.<\/p>\n<p>Para os palestrantes, a t\u00e9cnica \u00e9 fundamental para um bom desempenho no trabalho.<\/p>\n<p>\u201cNo dia a dia, eles fazem o trabalho deles, j\u00e1 entregam o resultado para o mercado, j\u00e1 empreendem, mas voc\u00ea est\u00e1 ajudando eles a dar o pr\u00f3ximo passo, que \u00e9 olhar para dentro. S\u00f3 quem olha para dentro se transforma\u201d, frisou Carolina C\u00e2mara.<\/p>\n","protected":false},"excerpt":{"rendered":"<p>Nesta ter\u00e7a-feira (9), a Fecom\u00e9rcio-PE realizou uma nova edi\u00e7\u00e3o do Papo Podcast. Com a tem\u00e1tica \u201cComo pessoas felizes produzem mais?\u201d, o encontro transmitiu aos empres\u00e1rios t\u00e9cnicas para tornar o trabalho mais produtivo. Os consultores Carolina C\u00e2mara, Waleska Barbosa e Romero de Deus apresentaram cases de sucesso e deram dicas de como utilizar o eneagrama como<br \/><a href=\"http:\/\/fecomercio-pe.com.br\/site\/papo-podcast-aborda-a-tecnica-do-eneagrama-como-ferramenta-para-um-trabalho-feliz\/\" class=\"more\">Read more<\/a><\/p>\n","protected":false},"author":12,"featured_media":10395,"comment_status":"closed","ping_status":"open","sticky":false,"template":"","format":"standard","meta":{"footnotes":""},"categories":[3,4,1],"tags":[],"_links":{"self":[{"href":"http:\/\/fecomercio-pe.com.br\/site\/wp-json\/wp\/v2\/posts\/10390"}],"collection":[{"href":"http:\/\/fecomercio-pe.com.br\/site\/wp-json\/wp\/v2\/posts"}],"about":[{"href":"http:\/\/fecomercio-pe.com.br\/site\/wp-json\/wp\/v2\/types\/post"}],"author":[{"embeddable":true,"href":"http:\/\/fecomercio-pe.com.br\/site\/wp-json\/wp\/v2\/users\/12"}],"replies":[{"embeddable":true,"href":"http:\/\/fecomercio-pe.com.br\/site\/wp-json\/wp\/v2\/comments?post=10390"}],"version-history":[{"count":1,"href":"http:\/\/fecomercio-pe.com.br\/site\/wp-json\/wp\/v2\/posts\/10390\/revisions"}],"predecessor-version":[{"id":10393,"href":"http:\/\/fecomercio-pe.com.br\/site\/wp-json\/wp\/v2\/posts\/10390\/revisions\/10393"}],"wp:featuredmedia":[{"embeddable":true,"href":"http:\/\/fecomercio-pe.com.br\/site\/wp-json\/wp\/v2\/media\/10395"}],"wp:attachment":[{"href":"http:\/\/fecomercio-pe.com.br\/site\/wp-json\/wp\/v2\/media?parent=10390"}],"wp:term":[{"taxonomy":"category","embeddable":true,"href":"http:\/\/fecomercio-pe.com.br\/site\/wp-json\/wp\/v2\/categories?post=10390"},{"taxonomy":"post_tag","embeddable":true,"href":"http:\/\/fecomercio-pe.com.br\/site\/wp-json\/wp\/v2\/tags?post=10390"}],"curies":[{"name":"wp","href":"https:\/\/api.w.org\/{rel}","templated":true}]}}