{"id":10382,"date":"2024-07-08T16:47:29","date_gmt":"2024-07-08T19:47:29","guid":{"rendered":"https:\/\/fecomercio-pe.com.br\/site\/?p=10382"},"modified":"2024-07-08T16:47:29","modified_gmt":"2024-07-08T19:47:29","slug":"fecomercio-pe-realiza-forum-de-debates-em-palmares-no-proximo-dia-22","status":"publish","type":"post","link":"http:\/\/fecomercio-pe.com.br\/site\/fecomercio-pe-realiza-forum-de-debates-em-palmares-no-proximo-dia-22\/","title":{"rendered":"Fecom\u00e9rcio-PE realiza F\u00f3rum de Debates em Palmares, no pr\u00f3ximo dia 22"},"content":{"rendered":"<p>A Federa\u00e7\u00e3o do Com\u00e9rcio de Bens, Servi\u00e7os e Turismo do Estado de Pernambuco (Fecom\u00e9rcio-PE), atrav\u00e9s do Instituto Fecom\u00e9rcio-PE, realiza o primeiro F\u00f3rum de Debates do ano em Palmares, na Mata Sul pernambucana, no pr\u00f3ximo dia 22 de julho. O encontro ocorre no Audit\u00f3rio da Associa\u00e7\u00e3o Comercial de Palmares, das 18h \u00e0s 22h.<\/p>\n<p>As consultoras Maria Helena e Carolina C\u00e2mara ir\u00e3o apresentar aos empres\u00e1rios formas de aperfei\u00e7oar o atendimento ao cliente e alavancar o neg\u00f3cio com as palestras \u201cAtendimento que encanta\u201d e \u201cMotiva\u00e7\u00e3o em tempos de mudan\u00e7a\u201d.<\/p>\n<p>\u201cNa palestra &#8216;Atendimento que encanta&#8217; vou ajudar os empres\u00e1rios a constru\u00edrem uma cultura de atendimento para que o cliente fique satisfeito, e possa at\u00e9 mesmo indic\u00e1-los\u201d, afirmou Maria Helena.<\/p>\n<p>O evento tem apoio do Sebrae\/PE, TV Asa Branca e do Sindloja &#8211; Sindicato do Com\u00e9rcio Varejista de Catende, Palmares e \u00c1gua Preta.<\/p>\n<p>Para se inscrever \u00e9 s\u00f3 clicar no link (<a href=\"https:\/\/eventos.fecomercio-pe.com.br\/2024\/forum-de-debates\/palmares\">https:\/\/eventos.fecomercio-pe.com.br\/2024\/forum-de-debates\/palmares<\/a>) e preencher o formul\u00e1rio.<\/p>\n<h2>Conhe\u00e7a Maria Helena e Carolina C\u00e2mara<\/h2>\n<p>Maria Helena \u00e9 especialista em Gest\u00e3o Empresarial, Intelig\u00eancia de Mercado e Comportamental. Com mais de 15 anos de experi\u00eancia em Intelig\u00eancia Comercial e Marketing e criadora dos m\u00e9todos CEP e 3R&#8217;s, \u00e9 apaixonada por ritmo, rotina e vis\u00e3o estrat\u00e9gica comercial.<\/p>\n<p>Carolina C\u00e2mara, administradora de Empresas e mentora de carreira com 30 anos de experi\u00eancia, \u00e9 empres\u00e1ria no segmento de Educa\u00e7\u00e3o Corporativa, especialista em lideran\u00e7a, desenvolvimento de pessoas e identifica\u00e7\u00e3o de talentos. Al\u00e9m disso, ela lidera o time de Desenvolvimento Comportamental com Eneagrama na Sucesso Intelig\u00eancia Empresarial, treinando equipes em empresas globais e locais, com foco em motiva\u00e7\u00e3o e engajamento volunt\u00e1rio.<\/p>\n","protected":false},"excerpt":{"rendered":"<p>A Federa\u00e7\u00e3o do Com\u00e9rcio de Bens, Servi\u00e7os e Turismo do Estado de Pernambuco (Fecom\u00e9rcio-PE), atrav\u00e9s do Instituto Fecom\u00e9rcio-PE, realiza o primeiro F\u00f3rum de Debates do ano em Palmares, na Mata Sul pernambucana, no pr\u00f3ximo dia 22 de julho. O encontro ocorre no Audit\u00f3rio da Associa\u00e7\u00e3o Comercial de Palmares, das 18h \u00e0s 22h. As consultoras Maria<br \/><a href=\"http:\/\/fecomercio-pe.com.br\/site\/fecomercio-pe-realiza-forum-de-debates-em-palmares-no-proximo-dia-22\/\" class=\"more\">Read more<\/a><\/p>\n","protected":false},"author":12,"featured_media":10383,"comment_status":"closed","ping_status":"open","sticky":false,"template":"","format":"standard","meta":{"footnotes":""},"categories":[3,4,1],"tags":[],"_links":{"self":[{"href":"http:\/\/fecomercio-pe.com.br\/site\/wp-json\/wp\/v2\/posts\/10382"}],"collection":[{"href":"http:\/\/fecomercio-pe.com.br\/site\/wp-json\/wp\/v2\/posts"}],"about":[{"href":"http:\/\/fecomercio-pe.com.br\/site\/wp-json\/wp\/v2\/types\/post"}],"author":[{"embeddable":true,"href":"http:\/\/fecomercio-pe.com.br\/site\/wp-json\/wp\/v2\/users\/12"}],"replies":[{"embeddable":true,"href":"http:\/\/fecomercio-pe.com.br\/site\/wp-json\/wp\/v2\/comments?post=10382"}],"version-history":[{"count":1,"href":"http:\/\/fecomercio-pe.com.br\/site\/wp-json\/wp\/v2\/posts\/10382\/revisions"}],"predecessor-version":[{"id":10384,"href":"http:\/\/fecomercio-pe.com.br\/site\/wp-json\/wp\/v2\/posts\/10382\/revisions\/10384"}],"wp:featuredmedia":[{"embeddable":true,"href":"http:\/\/fecomercio-pe.com.br\/site\/wp-json\/wp\/v2\/media\/10383"}],"wp:attachment":[{"href":"http:\/\/fecomercio-pe.com.br\/site\/wp-json\/wp\/v2\/media?parent=10382"}],"wp:term":[{"taxonomy":"category","embeddable":true,"href":"http:\/\/fecomercio-pe.com.br\/site\/wp-json\/wp\/v2\/categories?post=10382"},{"taxonomy":"post_tag","embeddable":true,"href":"http:\/\/fecomercio-pe.com.br\/site\/wp-json\/wp\/v2\/tags?post=10382"}],"curies":[{"name":"wp","href":"https:\/\/api.w.org\/{rel}","templated":true}]}}