{"id":10377,"date":"2024-07-08T14:24:37","date_gmt":"2024-07-08T17:24:37","guid":{"rendered":"https:\/\/fecomercio-pe.com.br\/site\/?p=10377"},"modified":"2024-07-08T14:36:53","modified_gmt":"2024-07-08T17:36:53","slug":"endividamento-e-inadimplencia-recuam-em-recife-no-mes-de-junho","status":"publish","type":"post","link":"http:\/\/fecomercio-pe.com.br\/site\/endividamento-e-inadimplencia-recuam-em-recife-no-mes-de-junho\/","title":{"rendered":"Endividamento e inadimpl\u00eancia recuam em Recife no m\u00eas de junho"},"content":{"rendered":"<p>Em junho de 2024, o percentual de fam\u00edlias endividadas em Recife foi de 78,8%. A evolu\u00e7\u00e3o do endividamento na cidade mostrou uma leve queda em compara\u00e7\u00e3o com o mesmo per\u00edodo do ano anterior e com o m\u00eas anterior, passando de 82,7% em junho de 2023 para 81,0% em maio de 2024, chegando a 78,8% em junho de 2024.<\/p>\n<p>A propor\u00e7\u00e3o de fam\u00edlias com contas em atraso tamb\u00e9m apresentou uma redu\u00e7\u00e3o. Em junho de 2023, 31,1% das fam\u00edlias tinham contas em atraso, caindo para 29,1% em maio de 2024 e, posteriormente, para 27,8% em junho de 2024. No entanto, a taxa de fam\u00edlias que declararam n\u00e3o ter condi\u00e7\u00f5es de pagar suas d\u00edvidas teve uma leve oscila\u00e7\u00e3o, de 15,5% em junho de 2023 para 16,4% em maio de 2024, e depois uma pequena queda para 15,9% em junho de 2024.<\/p>\n<p>Os principais tipos de d\u00edvidas das fam\u00edlias recifenses em junho de 2024 foram liderados pelo cart\u00e3o de cr\u00e9dito, com 93,4% das fam\u00edlias endividadas, seguido por carn\u00eas (21,8%), financiamento de casa (7,4%), financiamento de carro (5,9%) e cr\u00e9dito pessoal (6,9%).<\/p>\n<p>A n\u00edvel Brasil, a taxa de endividamento apresentou movimento est\u00e1vel, permanecendo em 78,8%. \u201cA manuten\u00e7\u00e3o do \u00edndice de endividamento revela certa preocupa\u00e7\u00e3o com a inadimpl\u00eancia por parte das fam\u00edlias, que t\u00eam aproveitado o momento para amenizar as d\u00edvidas, em vez de fazer novos compromissos\u201d, destaca o presidente do Sistema CNC-Sesc-Senac, Jos\u00e9 Roberto Tadros.<\/p>\n<p>\u201cPara Recife, os dados mostram uma leve redu\u00e7\u00e3o no n\u00edvel de endividamento e inadimpl\u00eancia das fam\u00edlias, indicando uma poss\u00edvel melhoria na gest\u00e3o financeira familiar. Segue sendo importante que as fam\u00edlias continuem buscando alternativas para reduzir suas d\u00edvidas e evitar a inadimpl\u00eancia, mantendo um equil\u00edbrio financeiro saud\u00e1vel\u201d, comentou o economista da Fecom\u00e9rcio-PE, Rafael Lima.<\/p>\n","protected":false},"excerpt":{"rendered":"<p>Em junho de 2024, o percentual de fam\u00edlias endividadas em Recife foi de 78,8%. A evolu\u00e7\u00e3o do endividamento na cidade mostrou uma leve queda em compara\u00e7\u00e3o com o mesmo per\u00edodo do ano anterior e com o m\u00eas anterior, passando de 82,7% em junho de 2023 para 81,0% em maio de 2024, chegando a 78,8% em<br \/><a href=\"http:\/\/fecomercio-pe.com.br\/site\/endividamento-e-inadimplencia-recuam-em-recife-no-mes-de-junho\/\" class=\"more\">Read more<\/a><\/p>\n","protected":false},"author":12,"featured_media":10136,"comment_status":"closed","ping_status":"open","sticky":false,"template":"","format":"standard","meta":{"footnotes":""},"categories":[3,4,1],"tags":[],"_links":{"self":[{"href":"http:\/\/fecomercio-pe.com.br\/site\/wp-json\/wp\/v2\/posts\/10377"}],"collection":[{"href":"http:\/\/fecomercio-pe.com.br\/site\/wp-json\/wp\/v2\/posts"}],"about":[{"href":"http:\/\/fecomercio-pe.com.br\/site\/wp-json\/wp\/v2\/types\/post"}],"author":[{"embeddable":true,"href":"http:\/\/fecomercio-pe.com.br\/site\/wp-json\/wp\/v2\/users\/12"}],"replies":[{"embeddable":true,"href":"http:\/\/fecomercio-pe.com.br\/site\/wp-json\/wp\/v2\/comments?post=10377"}],"version-history":[{"count":1,"href":"http:\/\/fecomercio-pe.com.br\/site\/wp-json\/wp\/v2\/posts\/10377\/revisions"}],"predecessor-version":[{"id":10378,"href":"http:\/\/fecomercio-pe.com.br\/site\/wp-json\/wp\/v2\/posts\/10377\/revisions\/10378"}],"wp:featuredmedia":[{"embeddable":true,"href":"http:\/\/fecomercio-pe.com.br\/site\/wp-json\/wp\/v2\/media\/10136"}],"wp:attachment":[{"href":"http:\/\/fecomercio-pe.com.br\/site\/wp-json\/wp\/v2\/media?parent=10377"}],"wp:term":[{"taxonomy":"category","embeddable":true,"href":"http:\/\/fecomercio-pe.com.br\/site\/wp-json\/wp\/v2\/categories?post=10377"},{"taxonomy":"post_tag","embeddable":true,"href":"http:\/\/fecomercio-pe.com.br\/site\/wp-json\/wp\/v2\/tags?post=10377"}],"curies":[{"name":"wp","href":"https:\/\/api.w.org\/{rel}","templated":true}]}}