{"id":10371,"date":"2024-07-08T09:31:56","date_gmt":"2024-07-08T12:31:56","guid":{"rendered":"https:\/\/fecomercio-pe.com.br\/site\/?p=10371"},"modified":"2024-07-08T09:33:22","modified_gmt":"2024-07-08T12:33:22","slug":"instituto-fecomercio-pe-realiza-terceiro-cafe-empresarial-abordando-a-inteligencia-artificial","status":"publish","type":"post","link":"http:\/\/fecomercio-pe.com.br\/site\/instituto-fecomercio-pe-realiza-terceiro-cafe-empresarial-abordando-a-inteligencia-artificial\/","title":{"rendered":"Instituto Fecom\u00e9rcio-PE realiza terceiro Caf\u00e9 Empresarial abordando a Intelig\u00eancia Artificial"},"content":{"rendered":"<p>No pr\u00f3ximo dia 24 de julho, a Fecom\u00e9rcio Pernambuco, atrav\u00e9s do Instituto Fecom\u00e9rcio-PE, realiza a terceira edi\u00e7\u00e3o do Caf\u00e9 Empresarial, evento que visa promover o desenvolvimento e a capacita\u00e7\u00e3o dos empres\u00e1rios pernambucanos. Nesta edi\u00e7\u00e3o, o tema abordado ser\u00e1 \u201cIA na pr\u00e1tica: Como a IA pode ajudar sua empresa\u201d. O administrador com p\u00f3s-gradua\u00e7\u00e3o em Intelig\u00eancia de Mercado, Luciano Fernandes, e o Head de Inova\u00e7\u00e3o e Digital, consultor e empreendedor, Alexandre Guimas, comandar\u00e3o o encontro. O evento ocorre, presencialmente, das 8h30 \u00e0s 12h, no Caf\u00e9 Capibaribe, na Cobertura da Casa do Com\u00e9rcio.<\/p>\n<p>O ingresso para o evento custa R$ 59,90 e os clientes do Cart\u00e3o do Empres\u00e1rio t\u00eam direito a um desconto especial de 20%. As inscri\u00e7\u00f5es podem ser realizadas atrav\u00e9s do Sympla, no endere\u00e7o (<a href=\"https:\/\/www.sympla.com.br\/evento\/inteligencia-artificial-na-pratica-como-a-ia-pode-ajudar-sua-empresa\/2543290\">https:\/\/www.sympla.com.br\/evento\/inteligencia-artificial-na-pratica-como-a-ia-pode-ajudar-sua-empresa\/2543290<\/a>).<\/p>\n<p>O Caf\u00e9 Empresarial conta com apoio do Cart\u00e3o do Empres\u00e1rio, programa de benef\u00edcios que oferece descontos exclusivos aos empres\u00e1rios filiados.<\/p>\n<h2>Conhe\u00e7a os palestrantes<\/h2>\n<p>Luciano Fernandes \u00e9 administrador com p\u00f3s-gradua\u00e7\u00e3o em Intelig\u00eancia de Mercado e experi\u00eancia em empresas como Nestl\u00e9, Bunge e Grupo Schincariol. Especialista em Vendas, Atendimento ao Cliente e Visual Merchandising. Fernandes tamb\u00e9m \u00e9 empres\u00e1rio, consultor, instrutor e mentor, com 36 anos de atua\u00e7\u00e3o em cursos do SENAC, SEBRAE e UFRPE.<\/p>\n<p>Alexandre Guimas \u00e9 head de Inova\u00e7\u00e3o e Digital, consultor, empreendedor e palestrante. Al\u00e9m disso, \u00e9 co-fundador do GETIC e possui ampla experi\u00eancia em auxiliar empresas na adapta\u00e7\u00e3o ao mundo digital. \u00c9 formado em Gest\u00e3o de TI pela Universidade dos Guararapes e possui MBA em Gest\u00e3o de Projetos pela UNINASSAU.<\/p>\n","protected":false},"excerpt":{"rendered":"<p>No pr\u00f3ximo dia 24 de julho, a Fecom\u00e9rcio Pernambuco, atrav\u00e9s do Instituto Fecom\u00e9rcio-PE, realiza a terceira edi\u00e7\u00e3o do Caf\u00e9 Empresarial, evento que visa promover o desenvolvimento e a capacita\u00e7\u00e3o dos empres\u00e1rios pernambucanos. Nesta edi\u00e7\u00e3o, o tema abordado ser\u00e1 \u201cIA na pr\u00e1tica: Como a IA pode ajudar sua empresa\u201d. O administrador com p\u00f3s-gradua\u00e7\u00e3o em Intelig\u00eancia de<br \/><a href=\"http:\/\/fecomercio-pe.com.br\/site\/instituto-fecomercio-pe-realiza-terceiro-cafe-empresarial-abordando-a-inteligencia-artificial\/\" class=\"more\">Read more<\/a><\/p>\n","protected":false},"author":12,"featured_media":10374,"comment_status":"closed","ping_status":"open","sticky":false,"template":"","format":"standard","meta":{"footnotes":""},"categories":[3,4,1],"tags":[],"_links":{"self":[{"href":"http:\/\/fecomercio-pe.com.br\/site\/wp-json\/wp\/v2\/posts\/10371"}],"collection":[{"href":"http:\/\/fecomercio-pe.com.br\/site\/wp-json\/wp\/v2\/posts"}],"about":[{"href":"http:\/\/fecomercio-pe.com.br\/site\/wp-json\/wp\/v2\/types\/post"}],"author":[{"embeddable":true,"href":"http:\/\/fecomercio-pe.com.br\/site\/wp-json\/wp\/v2\/users\/12"}],"replies":[{"embeddable":true,"href":"http:\/\/fecomercio-pe.com.br\/site\/wp-json\/wp\/v2\/comments?post=10371"}],"version-history":[{"count":3,"href":"http:\/\/fecomercio-pe.com.br\/site\/wp-json\/wp\/v2\/posts\/10371\/revisions"}],"predecessor-version":[{"id":10375,"href":"http:\/\/fecomercio-pe.com.br\/site\/wp-json\/wp\/v2\/posts\/10371\/revisions\/10375"}],"wp:featuredmedia":[{"embeddable":true,"href":"http:\/\/fecomercio-pe.com.br\/site\/wp-json\/wp\/v2\/media\/10374"}],"wp:attachment":[{"href":"http:\/\/fecomercio-pe.com.br\/site\/wp-json\/wp\/v2\/media?parent=10371"}],"wp:term":[{"taxonomy":"category","embeddable":true,"href":"http:\/\/fecomercio-pe.com.br\/site\/wp-json\/wp\/v2\/categories?post=10371"},{"taxonomy":"post_tag","embeddable":true,"href":"http:\/\/fecomercio-pe.com.br\/site\/wp-json\/wp\/v2\/tags?post=10371"}],"curies":[{"name":"wp","href":"https:\/\/api.w.org\/{rel}","templated":true}]}}