{"id":10363,"date":"2024-07-05T16:01:38","date_gmt":"2024-07-05T19:01:38","guid":{"rendered":"https:\/\/fecomercio-pe.com.br\/site\/?p=10363"},"modified":"2024-07-05T16:16:49","modified_gmt":"2024-07-05T19:16:49","slug":"felicidade-e-trabalho-serao-o-tema-do-papo-podcast-da-proxima-terca-feira-9","status":"publish","type":"post","link":"http:\/\/fecomercio-pe.com.br\/site\/felicidade-e-trabalho-serao-o-tema-do-papo-podcast-da-proxima-terca-feira-9\/","title":{"rendered":"Felicidade e trabalho ser\u00e3o o tema do Papo Podcast da pr\u00f3xima ter\u00e7a-feira (9)"},"content":{"rendered":"<p>A Fecom\u00e9rcio-PE realiza, na pr\u00f3xima ter\u00e7a-feira (9), uma nova edi\u00e7\u00e3o do Papo Podcast. A tem\u00e1tica abordada no encontro ser\u00e1 \u201cComo pessoas felizes produzem mais?\u201d e busca transmitir para os empres\u00e1rios t\u00e9cnicas para tonar o trabalho mais produtivo. O encontro ser\u00e1 transmitido atrav\u00e9s do Canal no Youtube da F\u00e9comercio-PE, a partir das 12h.<\/p>\n<p>Os consultores Carolina C\u00e2mara, Waleska Barbosa e Romero de Deus participar\u00e3o do Papo que ser\u00e1 apresentado pelo gestor do Cart\u00e3o do Empres\u00e1rio, T\u00e1ssio Santana.<\/p>\n<p>Durante a edi\u00e7\u00e3o o participante entender\u00e1 o eneagrama como ferramenta de crescimento e felicidade profissional.<\/p>\n<h2><strong>Conhe\u00e7a os palestrantes<\/strong><\/h2>\n<p>Carolina C\u00e2mara, administradora de Empresas e mentora de carreira com 30 anos de experi\u00eancia, especialista em lideran\u00e7a, desenvolvimento de pessoas e identifica\u00e7\u00e3o de talentos. Al\u00e9m disso, ela lidera o time de Desenvolvimento Comportamental com Eneagrama na Sucesso Intelig\u00eancia Empresarial, treinando equipes em empresas globais e locais, com foco em motiva\u00e7\u00e3o e engajamento volunt\u00e1rio.<\/p>\n<p>Waleska Barbosa possui MBA em Gest\u00e3o Empresarial, Bussiness Partner &#8211; RH Estrat\u00e9gico, Coaching Sist\u00eamica. Advanced, Master e Practitioner em Programa\u00e7\u00e3o Neurolingu\u00edstica, Trainer em Eneagrama e Auditora Interna em Departamento Pessoal.<\/p>\n<p>Romero de Deus \u00e9 designer e consultor criativo. Participou do Eneagrama, ferramenta da consultoria Sucesso no comportamento. Vai contar como a ferramenta transformou a vida dele.<\/p>\n","protected":false},"excerpt":{"rendered":"<p>A Fecom\u00e9rcio-PE realiza, na pr\u00f3xima ter\u00e7a-feira (9), uma nova edi\u00e7\u00e3o do Papo Podcast. A tem\u00e1tica abordada no encontro ser\u00e1 \u201cComo pessoas felizes produzem mais?\u201d e busca transmitir para os empres\u00e1rios t\u00e9cnicas para tonar o trabalho mais produtivo. O encontro ser\u00e1 transmitido atrav\u00e9s do Canal no Youtube da F\u00e9comercio-PE, a partir das 12h. Os consultores Carolina<br \/><a href=\"http:\/\/fecomercio-pe.com.br\/site\/felicidade-e-trabalho-serao-o-tema-do-papo-podcast-da-proxima-terca-feira-9\/\" class=\"more\">Read more<\/a><\/p>\n","protected":false},"author":12,"featured_media":10366,"comment_status":"closed","ping_status":"open","sticky":false,"template":"","format":"standard","meta":{"footnotes":""},"categories":[3,4,1],"tags":[],"_links":{"self":[{"href":"http:\/\/fecomercio-pe.com.br\/site\/wp-json\/wp\/v2\/posts\/10363"}],"collection":[{"href":"http:\/\/fecomercio-pe.com.br\/site\/wp-json\/wp\/v2\/posts"}],"about":[{"href":"http:\/\/fecomercio-pe.com.br\/site\/wp-json\/wp\/v2\/types\/post"}],"author":[{"embeddable":true,"href":"http:\/\/fecomercio-pe.com.br\/site\/wp-json\/wp\/v2\/users\/12"}],"replies":[{"embeddable":true,"href":"http:\/\/fecomercio-pe.com.br\/site\/wp-json\/wp\/v2\/comments?post=10363"}],"version-history":[{"count":1,"href":"http:\/\/fecomercio-pe.com.br\/site\/wp-json\/wp\/v2\/posts\/10363\/revisions"}],"predecessor-version":[{"id":10365,"href":"http:\/\/fecomercio-pe.com.br\/site\/wp-json\/wp\/v2\/posts\/10363\/revisions\/10365"}],"wp:featuredmedia":[{"embeddable":true,"href":"http:\/\/fecomercio-pe.com.br\/site\/wp-json\/wp\/v2\/media\/10366"}],"wp:attachment":[{"href":"http:\/\/fecomercio-pe.com.br\/site\/wp-json\/wp\/v2\/media?parent=10363"}],"wp:term":[{"taxonomy":"category","embeddable":true,"href":"http:\/\/fecomercio-pe.com.br\/site\/wp-json\/wp\/v2\/categories?post=10363"},{"taxonomy":"post_tag","embeddable":true,"href":"http:\/\/fecomercio-pe.com.br\/site\/wp-json\/wp\/v2\/tags?post=10363"}],"curies":[{"name":"wp","href":"https:\/\/api.w.org\/{rel}","templated":true}]}}