{"id":10292,"date":"2024-06-11T08:48:36","date_gmt":"2024-06-11T11:48:36","guid":{"rendered":"https:\/\/fecomercio-pe.com.br\/site\/?p=10292"},"modified":"2024-06-11T08:48:36","modified_gmt":"2024-06-11T11:48:36","slug":"artesanato-de-talentos-inaugura-loja-social-de-sao-joao-no-riomar-recife","status":"publish","type":"post","link":"http:\/\/fecomercio-pe.com.br\/site\/artesanato-de-talentos-inaugura-loja-social-de-sao-joao-no-riomar-recife\/","title":{"rendered":"Artesanato de Talentos inaugura loja social de S\u00e3o Jo\u00e3o no RioMar Recife"},"content":{"rendered":"<p><em>O espa\u00e7o colaborativo comercializa roupas, acess\u00f3rios e adere\u00e7os assinados por artes\u00e3s e artes\u00e3os do Pina e Bras\u00edlia Teimosa, com est\u00edmulo ao empreendedorismo comunit\u00e1rio.<\/em><\/p>\n<p>&nbsp;<\/p>\n<p>Junho chega dando as boas-vindas \u00e0 festa mais tradicional do Nordeste. Para entrar no clima dos arraiais e quadrilhas que movimentam a programa\u00e7\u00e3o da capital ao interior, n\u00e3o pode faltar a blusa xadrez, o vestido de chita, a casa decorada e uma mesa arrumada para receber as del\u00edcias de milho. Visando atender a essa demanda e estimular a gera\u00e7\u00e3o de renda atrav\u00e9s do empreendedorismo social, ser\u00e1 inaugurada neste s\u00e1bado (01), no Riomar Recife, a loja colaborativa Artesanato de Talentos edi\u00e7\u00e3o de S\u00e3o Jo\u00e3o.\u00a0 L\u00e1 s\u00e3o comercializados roupas, acess\u00f3rios e adere\u00e7os tem\u00e1ticos produzidos por 19 artes\u00e3s e artes\u00e3os do Pina e Bras\u00edlia Teimosa.<\/p>\n<p>&nbsp;<\/p>\n<p>A iniciativa \u00e9 uma parceria do Instituto Jo\u00e3o Carlos Paes Mendon\u00e7a de Compromisso Social com a Fecom\u00e9rcio-PE e o RioMar Recife, que capacita os microempreendedores comunit\u00e1rios e proporciona uma loja sem custo para exposi\u00e7\u00e3o e venda dos produtos. O projeto foi lan\u00e7ado em 2015 e ocorre sempre em datas festivas e de grande movimenta\u00e7\u00e3o do com\u00e9rcio, que incluem tamb\u00e9m Natal e Carnaval.<\/p>\n<p>&nbsp;<\/p>\n<p>Com pe\u00e7as que variam de R$ 10,00 a R$ 220,00, nesta edi\u00e7\u00e3o a Artesanato de Talentos est\u00e1 localizada no Piso L1, ao lado da Bacio di Latte, e conta com mais de 3 mil itens para venda. Entre as op\u00e7\u00f5es est\u00e3o vestimentas para crian\u00e7as e adultos, arranjos de cabelo, len\u00e7os, itens decora\u00e7\u00e3o em macram\u00ea, croch\u00ea e materiais recicl\u00e1veis, porta-guardanapos, sousplat e lou\u00e7as.<\/p>\n<p>&nbsp;<\/p>\n<p>A diretora de Desenvolvimento Social do Grupo JCPM, L\u00facia Pontes, explica que o projeto valoriza a produ\u00e7\u00e3o e a criatividade das pessoas que residem no entorno do shopping. \u201cCom a a\u00e7\u00e3o incentivamos tamb\u00e9m pr\u00e1ticas sustent\u00e1veis, com a confec\u00e7\u00e3o com materiais reaproveit\u00e1veis, e fortalecemos sobretudo o empreendedorismo feminino. Esses s\u00e3o atributos importantes que agregam valor aos produtos comercializados, somado a qualidade e originalidade das pe\u00e7as\u201d, destaca L\u00facia.<\/p>\n<p>&nbsp;<\/p>\n<p>Com a parceria com a Fecom\u00e9rcio, os participantes recebem capacita\u00e7\u00f5es sobre gest\u00e3o, montagem de vitrine, precifica\u00e7\u00e3o, atendimento ao cliente, marketing digital, entre outras. \u201cCom as qualifica\u00e7\u00f5es e mentorias, fortalecemos a qualidade t\u00e9cnica e a autoestima para que os empreendedores conquistem autonomia para alavancar seus neg\u00f3cios\u201d, pontua a secret\u00e1ria-executiva do Instituto Fecom\u00e9rcio, Wilma Fonseca.<\/p>\n<p>&nbsp;<\/p>\n<p>A Artesanato de Talentos funcionar\u00e1 at\u00e9 o dia 23 de junho, v\u00e9spera de S\u00e3o Jo\u00e3o. Durante o per\u00edodo, a expectativa \u00e9 gerar cerca de R$ 100 mil em vendas.<\/p>\n<p><strong>\u00a0<\/strong><\/p>\n<p>Artes\u00e3s e artes\u00e3os participantes<\/p>\n<p>&nbsp;<\/p>\n<p>Ana Maria \u2013 Criando com Ana; Cecita Maia \u2013 Crie&amp;Recrie; Cristina Lima \u2013 Linhas e Artes; Eduardo de Sena \u2013 M\u00e3os M\u00e1gicas;\u00a0 Edvaldo Lima \u2013 Reciart\u2019s; Ivani Oliveira \u2013 M\u00e3os M\u00e1gicas; Jos\u00e9 Roberto \u2013 Arte em Fam\u00edlia; Joselaine Firmino \u2013 Mulheres de Arte; Luciana Souza \u2013 Arte Criativa; Maria Auxiliadora \u2013 M\u00e3os M\u00e1gicas;\u00a0 Maria Jos\u00e9 \u2013 Arte em Fam\u00edlia; Maria Jos\u00e9 Costa \u2013 Reciclagem Bras\u00edlia Teimosa; Maria Monteiro \u2013 Clube de M\u00e3es Criativas de Bras\u00edlia Teimosa; Ninha \u2013 Ninha arte; Rosimary Paix\u00e3o \u2013 Rosiart\u2019s; Roseineide Pessoa \u2013 Arte em Fam\u00edlia; Rose Lima \u2013 Linhas e Artes; Rosilda Pessoa \u2013 Arte em Fam\u00edlia; Taciana Melo \u2013 Artesanato Melo; e Wcione Santos \u2013 Wcione Santos Artesanato.<\/p>\n<p>&nbsp;<\/p>\n<p>SERVI\u00c7O<\/p>\n<p>Artesanato de Talentos<\/p>\n<p>Quando: de 1 a 23 de junho<\/p>\n<p>Local: Piso L1 do RioMar Recife, ao lado da Bacio di Latte.<\/p>\n","protected":false},"excerpt":{"rendered":"<p>O espa\u00e7o colaborativo comercializa roupas, acess\u00f3rios e adere\u00e7os assinados por artes\u00e3s e artes\u00e3os do Pina e Bras\u00edlia Teimosa, com est\u00edmulo ao empreendedorismo comunit\u00e1rio. &nbsp; Junho chega dando as boas-vindas \u00e0 festa mais tradicional do Nordeste. Para entrar no clima dos arraiais e quadrilhas que movimentam a programa\u00e7\u00e3o da capital ao interior, n\u00e3o pode faltar a<br \/><a href=\"http:\/\/fecomercio-pe.com.br\/site\/artesanato-de-talentos-inaugura-loja-social-de-sao-joao-no-riomar-recife\/\" class=\"more\">Read more<\/a><\/p>\n","protected":false},"author":4,"featured_media":10293,"comment_status":"closed","ping_status":"open","sticky":false,"template":"","format":"standard","meta":{"footnotes":""},"categories":[3],"tags":[],"_links":{"self":[{"href":"http:\/\/fecomercio-pe.com.br\/site\/wp-json\/wp\/v2\/posts\/10292"}],"collection":[{"href":"http:\/\/fecomercio-pe.com.br\/site\/wp-json\/wp\/v2\/posts"}],"about":[{"href":"http:\/\/fecomercio-pe.com.br\/site\/wp-json\/wp\/v2\/types\/post"}],"author":[{"embeddable":true,"href":"http:\/\/fecomercio-pe.com.br\/site\/wp-json\/wp\/v2\/users\/4"}],"replies":[{"embeddable":true,"href":"http:\/\/fecomercio-pe.com.br\/site\/wp-json\/wp\/v2\/comments?post=10292"}],"version-history":[{"count":1,"href":"http:\/\/fecomercio-pe.com.br\/site\/wp-json\/wp\/v2\/posts\/10292\/revisions"}],"predecessor-version":[{"id":10294,"href":"http:\/\/fecomercio-pe.com.br\/site\/wp-json\/wp\/v2\/posts\/10292\/revisions\/10294"}],"wp:featuredmedia":[{"embeddable":true,"href":"http:\/\/fecomercio-pe.com.br\/site\/wp-json\/wp\/v2\/media\/10293"}],"wp:attachment":[{"href":"http:\/\/fecomercio-pe.com.br\/site\/wp-json\/wp\/v2\/media?parent=10292"}],"wp:term":[{"taxonomy":"category","embeddable":true,"href":"http:\/\/fecomercio-pe.com.br\/site\/wp-json\/wp\/v2\/categories?post=10292"},{"taxonomy":"post_tag","embeddable":true,"href":"http:\/\/fecomercio-pe.com.br\/site\/wp-json\/wp\/v2\/tags?post=10292"}],"curies":[{"name":"wp","href":"https:\/\/api.w.org\/{rel}","templated":true}]}}